{"id":12579,"date":"2021-09-06T19:17:01","date_gmt":"2021-09-06T22:17:01","guid":{"rendered":"https:\/\/wp.ufpel.edu.br\/clc\/?p=12579"},"modified":"2021-09-06T19:17:01","modified_gmt":"2021-09-06T22:17:01","slug":"abre-o-edital-para-as-oficinas-de-producao-da-leitura-e-da-escrita","status":"publish","type":"post","link":"https:\/\/wp.ufpel.edu.br\/clc\/2021\/09\/06\/abre-o-edital-para-as-oficinas-de-producao-da-leitura-e-da-escrita\/","title":{"rendered":"Abre o edital para as oficinas de Produ\u00e7\u00e3o da Leitura e da Escrita"},"content":{"rendered":"<p style=\"text-align: justify\"><span style=\"color: #000000\">O projeto de Ensino\u00a0 Estudos de L\u00edngua Portuguesa, atrav\u00e9s do Centro de Letras e Comunica\u00e7\u00e3o,\u00a0 est\u00e1 abrindo inscri\u00e7\u00f5es para <strong>oficinas de Produ\u00e7\u00e3o da Leitura e da Escritura<\/strong>. O projeto acontecer\u00e1 de maneira remota atrav\u00e9s da plataforma Moodle, e <strong>as inscri\u00e7\u00f5es ser\u00e3o realizadas\u00a0 de 08\/09 a 09\/09\/2021<\/strong>. Voc\u00ea pode acessar o edital <a style=\"color: #000000\" href=\"https:\/\/drive.google.com\/file\/d\/1s4bM2dfw8OCACO35Fs46OajtvJODGuP7\/view?usp=sharing\">neste link.\u00a0<\/a><\/span><\/p>\n","protected":false},"excerpt":{"rendered":"<p>O projeto de Ensino\u00a0 Estudos de L\u00edngua Portuguesa, atrav\u00e9s do Centro de Letras e Comunica\u00e7\u00e3o,\u00a0 est\u00e1 abrindo inscri\u00e7\u00f5es para oficinas de Produ\u00e7\u00e3o da Leitura e da Escritura. O projeto acontecer\u00e1 de maneira remota atrav\u00e9s da plataforma Moodle, e as inscri\u00e7\u00f5es &hellip; <a href=\"https:\/\/wp.ufpel.edu.br\/clc\/2021\/09\/06\/abre-o-edital-para-as-oficinas-de-producao-da-leitura-e-da-escrita\/\">Continue lendo <span class=\"meta-nav\">&rarr;<\/span><\/a><\/p>\n","protected":false},"author":50,"featured_media":0,"comment_status":"closed","ping_status":"closed","sticky":false,"template":"","format":"standard","meta":{"footnotes":""},"categories":[33385,1],"tags":[],"class_list":["post-12579","post","type-post","status-publish","format-standard","hentry","category-editais-e-resultados","category-notcias"],"jetpack_featured_media_url":"","_links":{"self":[{"href":"https:\/\/wp.ufpel.edu.br\/clc\/wp-json\/wp\/v2\/posts\/12579","targetHints":{"allow":["GET"]}}],"collection":[{"href":"https:\/\/wp.ufpel.edu.br\/clc\/wp-json\/wp\/v2\/posts"}],"about":[{"href":"https:\/\/wp.ufpel.edu.br\/clc\/wp-json\/wp\/v2\/types\/post"}],"author":[{"embeddable":true,"href":"https:\/\/wp.ufpel.edu.br\/clc\/wp-json\/wp\/v2\/users\/50"}],"replies":[{"embeddable":true,"href":"https:\/\/wp.ufpel.edu.br\/clc\/wp-json\/wp\/v2\/comments?post=12579"}],"version-history":[{"count":1,"href":"https:\/\/wp.ufpel.edu.br\/clc\/wp-json\/wp\/v2\/posts\/12579\/revisions"}],"predecessor-version":[{"id":12581,"href":"https:\/\/wp.ufpel.edu.br\/clc\/wp-json\/wp\/v2\/posts\/12579\/revisions\/12581"}],"wp:attachment":[{"href":"https:\/\/wp.ufpel.edu.br\/clc\/wp-json\/wp\/v2\/media?parent=12579"}],"wp:term":[{"taxonomy":"category","embeddable":true,"href":"https:\/\/wp.ufpel.edu.br\/clc\/wp-json\/wp\/v2\/categories?post=12579"},{"taxonomy":"post_tag","embeddable":true,"href":"https:\/\/wp.ufpel.edu.br\/clc\/wp-json\/wp\/v2\/tags?post=12579"}],"curies":[{"name":"wp","href":"https:\/\/api.w.org\/{rel}","templated":true}]}}