{"id":12571,"date":"2021-09-03T15:39:47","date_gmt":"2021-09-03T18:39:47","guid":{"rendered":"https:\/\/wp.ufpel.edu.br\/clc\/?p=12571"},"modified":"2021-09-03T19:11:58","modified_gmt":"2021-09-03T22:11:58","slug":"convocacao-para-reuniao-do-conselho-do-clc-no-dia-10-de-setembro","status":"publish","type":"post","link":"https:\/\/wp.ufpel.edu.br\/clc\/2021\/09\/03\/convocacao-para-reuniao-do-conselho-do-clc-no-dia-10-de-setembro\/","title":{"rendered":"Convoca\u00e7\u00e3o para reuni\u00e3o do Conselho do  CLC no dia 10 de setembro"},"content":{"rendered":"<p style=\"text-align: justify\">A Dire\u00e7\u00e3o do Centro de Letras e Comunica\u00e7\u00e3o convoca os conselheiros do CLC para reuni\u00e3o no dia <strong>10 de setembro, \u00e0s 9h<\/strong>: <a href=\"https:\/\/drive.google.com\/file\/d\/1083jamVw7leZ7l5gqdFPr0R9Wq_NJ9Xc\/view?usp=sharing\">Convoca\u00e7\u00e3o<\/a>.<\/p>\n","protected":false},"excerpt":{"rendered":"<p>A Dire\u00e7\u00e3o do Centro de Letras e Comunica\u00e7\u00e3o convoca os conselheiros do CLC para reuni\u00e3o no dia 10 de setembro, \u00e0s 9h: Convoca\u00e7\u00e3o.<\/p>\n","protected":false},"author":50,"featured_media":0,"comment_status":"closed","ping_status":"closed","sticky":false,"template":"","format":"standard","meta":{"footnotes":""},"categories":[33395],"tags":[],"class_list":["post-12571","post","type-post","status-publish","format-standard","hentry","category-reunioes"],"jetpack_featured_media_url":"","_links":{"self":[{"href":"https:\/\/wp.ufpel.edu.br\/clc\/wp-json\/wp\/v2\/posts\/12571","targetHints":{"allow":["GET"]}}],"collection":[{"href":"https:\/\/wp.ufpel.edu.br\/clc\/wp-json\/wp\/v2\/posts"}],"about":[{"href":"https:\/\/wp.ufpel.edu.br\/clc\/wp-json\/wp\/v2\/types\/post"}],"author":[{"embeddable":true,"href":"https:\/\/wp.ufpel.edu.br\/clc\/wp-json\/wp\/v2\/users\/50"}],"replies":[{"embeddable":true,"href":"https:\/\/wp.ufpel.edu.br\/clc\/wp-json\/wp\/v2\/comments?post=12571"}],"version-history":[{"count":5,"href":"https:\/\/wp.ufpel.edu.br\/clc\/wp-json\/wp\/v2\/posts\/12571\/revisions"}],"predecessor-version":[{"id":12578,"href":"https:\/\/wp.ufpel.edu.br\/clc\/wp-json\/wp\/v2\/posts\/12571\/revisions\/12578"}],"wp:attachment":[{"href":"https:\/\/wp.ufpel.edu.br\/clc\/wp-json\/wp\/v2\/media?parent=12571"}],"wp:term":[{"taxonomy":"category","embeddable":true,"href":"https:\/\/wp.ufpel.edu.br\/clc\/wp-json\/wp\/v2\/categories?post=12571"},{"taxonomy":"post_tag","embeddable":true,"href":"https:\/\/wp.ufpel.edu.br\/clc\/wp-json\/wp\/v2\/tags?post=12571"}],"curies":[{"name":"wp","href":"https:\/\/api.w.org\/{rel}","templated":true}]}}