{"id":12563,"date":"2021-09-02T14:59:23","date_gmt":"2021-09-02T17:59:23","guid":{"rendered":"https:\/\/wp.ufpel.edu.br\/clc\/?p=12563"},"modified":"2021-09-02T14:59:23","modified_gmt":"2021-09-02T17:59:23","slug":"integra-clc-2021-apresenta-memorias-do-clc","status":"publish","type":"post","link":"https:\/\/wp.ufpel.edu.br\/clc\/2021\/09\/02\/integra-clc-2021-apresenta-memorias-do-clc\/","title":{"rendered":"Integra CLC 2021 apresenta: Mem\u00f3rias do CLC"},"content":{"rendered":"<p style=\"text-align: justify\"><span style=\"font-weight: 400\">Na segunda-feira,<strong> dia 13\/09<\/strong>, ocorre o Integra CLC 2021. Neste ano, com o intuito de resgatar a hist\u00f3ria e viv\u00eancias do Centro de Letras e Comunica\u00e7\u00e3o, o tema do Integra ser\u00e1 <strong>\u201cMem\u00f3rias do CLC\u201d<\/strong>. O evento contar\u00e1 com a presen\u00e7a de diretores e docentes aposentados do CLC\/UFPel, que compartilhar\u00e3o suas experi\u00eancias e narrativas sobre o per\u00edodo de trabalho na unidade.\u00a0 Assim como no ano anterior, o encontro ser\u00e1 transmitido de forma <strong>online, \u00e0s 10h<\/strong>. Confira no cartaz mais informa\u00e7\u00f5es sobre a programa\u00e7\u00e3o e os convidados. Mais informa\u00e7\u00f5es sobre o link de acesso ao evento ser\u00e3o divulgadas em breve.\u00a0<\/span><\/p>\n<p><a href=\"https:\/\/wp.ufpel.edu.br\/clc\/files\/2021\/09\/WhatsApp-Image-2021-09-01-at-18.13.49.jpeg\"><img loading=\"lazy\" decoding=\"async\" class=\" wp-image-12565 aligncenter\" src=\"https:\/\/wp.ufpel.edu.br\/clc\/files\/2021\/09\/WhatsApp-Image-2021-09-01-at-18.13.49.jpeg\" alt=\"\" width=\"471\" height=\"589\" srcset=\"https:\/\/wp.ufpel.edu.br\/clc\/files\/2021\/09\/WhatsApp-Image-2021-09-01-at-18.13.49.jpeg 1024w, https:\/\/wp.ufpel.edu.br\/clc\/files\/2021\/09\/WhatsApp-Image-2021-09-01-at-18.13.49-254x318.jpeg 254w, https:\/\/wp.ufpel.edu.br\/clc\/files\/2021\/09\/WhatsApp-Image-2021-09-01-at-18.13.49-127x159.jpeg 127w, https:\/\/wp.ufpel.edu.br\/clc\/files\/2021\/09\/WhatsApp-Image-2021-09-01-at-18.13.49-768x960.jpeg 768w\" sizes=\"auto, (max-width: 471px) 100vw, 471px\" \/><\/a><\/p>\n","protected":false},"excerpt":{"rendered":"<p>Na segunda-feira, dia 13\/09, ocorre o Integra CLC 2021. Neste ano, com o intuito de resgatar a hist\u00f3ria e viv\u00eancias do Centro de Letras e Comunica\u00e7\u00e3o, o tema do Integra ser\u00e1 \u201cMem\u00f3rias do CLC\u201d. O evento contar\u00e1 com a presen\u00e7a &hellip; <a href=\"https:\/\/wp.ufpel.edu.br\/clc\/2021\/09\/02\/integra-clc-2021-apresenta-memorias-do-clc\/\">Continue lendo <span class=\"meta-nav\">&rarr;<\/span><\/a><\/p>\n","protected":false},"author":50,"featured_media":0,"comment_status":"closed","ping_status":"closed","sticky":false,"template":"","format":"standard","meta":{"footnotes":""},"categories":[33386,1],"tags":[],"class_list":["post-12563","post","type-post","status-publish","format-standard","hentry","category-eventos","category-notcias"],"jetpack_featured_media_url":"","_links":{"self":[{"href":"https:\/\/wp.ufpel.edu.br\/clc\/wp-json\/wp\/v2\/posts\/12563","targetHints":{"allow":["GET"]}}],"collection":[{"href":"https:\/\/wp.ufpel.edu.br\/clc\/wp-json\/wp\/v2\/posts"}],"about":[{"href":"https:\/\/wp.ufpel.edu.br\/clc\/wp-json\/wp\/v2\/types\/post"}],"author":[{"embeddable":true,"href":"https:\/\/wp.ufpel.edu.br\/clc\/wp-json\/wp\/v2\/users\/50"}],"replies":[{"embeddable":true,"href":"https:\/\/wp.ufpel.edu.br\/clc\/wp-json\/wp\/v2\/comments?post=12563"}],"version-history":[{"count":1,"href":"https:\/\/wp.ufpel.edu.br\/clc\/wp-json\/wp\/v2\/posts\/12563\/revisions"}],"predecessor-version":[{"id":12566,"href":"https:\/\/wp.ufpel.edu.br\/clc\/wp-json\/wp\/v2\/posts\/12563\/revisions\/12566"}],"wp:attachment":[{"href":"https:\/\/wp.ufpel.edu.br\/clc\/wp-json\/wp\/v2\/media?parent=12563"}],"wp:term":[{"taxonomy":"category","embeddable":true,"href":"https:\/\/wp.ufpel.edu.br\/clc\/wp-json\/wp\/v2\/categories?post=12563"},{"taxonomy":"post_tag","embeddable":true,"href":"https:\/\/wp.ufpel.edu.br\/clc\/wp-json\/wp\/v2\/tags?post=12563"}],"curies":[{"name":"wp","href":"https:\/\/api.w.org\/{rel}","templated":true}]}}