{"id":12252,"date":"2021-06-25T17:53:01","date_gmt":"2021-06-25T20:53:01","guid":{"rendered":"https:\/\/wp.ufpel.edu.br\/clc\/?p=12252"},"modified":"2021-06-25T17:53:13","modified_gmt":"2021-06-25T20:53:13","slug":"coloquio-30-anos-de-terra-a-vista-um-percurso-de-sentidos","status":"publish","type":"post","link":"https:\/\/wp.ufpel.edu.br\/clc\/2021\/06\/25\/coloquio-30-anos-de-terra-a-vista-um-percurso-de-sentidos\/","title":{"rendered":"COL\u00d3QUIO 30 ANOS DE TERRA \u00c0 VISTA: UM PERCURSO DE SENTIDOS"},"content":{"rendered":"<div>\n<div dir=\"auto\" style=\"text-align: justify\"><em><strong><span style=\"color: #000000;font-size: 12pt\">Dias 7, 14 e 21 de julho de 2021<\/span><\/strong><\/em><\/div>\n<div dir=\"auto\" style=\"text-align: justify\"><em><strong><span style=\"color: #000000;font-size: 12pt\">Acess\u00edvel em Libras<\/span><\/strong><\/em><\/div>\n<div dir=\"auto\"><span style=\"color: #000000;font-size: 12pt\"><strong><a href=\"https:\/\/wp.ufpel.edu.br\/clc\/files\/2021\/06\/Coloquio-Terra-a-Vista.jpg\"><img loading=\"lazy\" decoding=\"async\" class=\" wp-image-12258 alignleft\" src=\"https:\/\/wp.ufpel.edu.br\/clc\/files\/2021\/06\/Coloquio-Terra-a-Vista.jpg\" alt=\"\" width=\"416\" height=\"416\" srcset=\"https:\/\/wp.ufpel.edu.br\/clc\/files\/2021\/06\/Coloquio-Terra-a-Vista.jpg 1620w, https:\/\/wp.ufpel.edu.br\/clc\/files\/2021\/06\/Coloquio-Terra-a-Vista-318x318.jpg 318w, https:\/\/wp.ufpel.edu.br\/clc\/files\/2021\/06\/Coloquio-Terra-a-Vista-159x159.jpg 159w, https:\/\/wp.ufpel.edu.br\/clc\/files\/2021\/06\/Coloquio-Terra-a-Vista-768x768.jpg 768w, https:\/\/wp.ufpel.edu.br\/clc\/files\/2021\/06\/Coloquio-Terra-a-Vista-1536x1536.jpg 1536w\" sizes=\"auto, (max-width: 416px) 100vw, 416px\" \/><\/a><\/strong><\/span><\/div>\n<\/div>\n<div style=\"text-align: justify\">\n<div dir=\"auto\">\n<p><span style=\"color: #000000;font-size: 12pt\">Desde a sua irrup\u00e7\u00e3o, a An\u00e1lise de Discurso materialista prop\u00f5e-se como uma teoria de entrelugar. Em seu escopo, \u00e9 imposs\u00edvel denegar que todo fazer cient\u00edfico \u00e9, tamb\u00e9m, uma tomada de posi\u00e7\u00e3o. No Brasil, o seu processo de institucionaliza\u00e7\u00e3o est\u00e1 intimamente relacionado \u00e0 figura de <strong>Eni Orlandi,<\/strong> intelectual que nos deu a conhecer P\u00eacheux e nos ensinou a pensar com ele, a partir dele.<\/span><\/p>\n<p><span style=\"color: #000000;font-size: 12pt\">As reflex\u00f5es de Orlandi \u2013 vastas, heterog\u00eaneas e combativas \u2013 instauram um gesto in\u00e9dito de interpreta\u00e7\u00e3o do Brasil. N\u00e3o pelo vi\u00e9s da hist\u00f3ria, da sociedade ou do inconsciente, categorias t\u00e3o caras \u00e0s Ci\u00eancias Humanas e Sociais, mas do discurso: um objeto que est\u00e1 no entrela\u00e7amento dessas tr\u00eas ordens, e, ao mesmo tempo, as subsume em sua configura\u00e7\u00e3o particular no campo do simb\u00f3lico, para e por sujeitos.<\/span><\/p>\n<\/div>\n<div dir=\"auto\">\n<p><span style=\"color: #000000;font-size: 12pt\">\u00c9 nesse estu\u00e1rio que surge &#8220;Terra \u00e0 Vista&#8221;, uma das obras magnas da autora. Publicado pela primeira vez em 1990, o livro continua provocando (sempre) novos percursos de sentidos, encontros outros, diferentes formas de compreender e lutar pela realidade brasileira. Celebrando as tr\u00eas d\u00e9cadas deste lan\u00e7amento,<\/span><strong style=\"font-size: 12pt\"> o Laborat\u00f3rio de Estudos em An\u00e1lise de Discurso (LEAD), sediado nos Programas de P\u00f3s-Gradua\u00e7\u00e3o em Letras das Universidades Federais de Pelotas (UFPel) e do Rio Grande (FURG), convida a comunidade acad\u00eamica a acompanhar as atividades do \u201cCol\u00f3quio 30 anos de Terra \u00e0 Vista: um percurso de sentidos\u201d, a ser realizado nos dias 7, 14 e 21 de julho de 2021.<\/strong><\/p>\n<\/div>\n<div dir=\"auto\"><span style=\"color: #000000;font-size: 12pt\">Confira, abaixo, a programa\u00e7\u00e3o do evento e os conferencistas convidados:<\/span><\/div>\n<\/div>\n<p><!--more--><\/p>\n<div style=\"text-align: justify\">\n<div dir=\"auto\"><span style=\"color: #000000;font-size: 12pt\"><strong><br \/>\n07 de julho, \u00e0s 14 horas:<\/strong><\/span><\/div>\n<div dir=\"auto\">\n<div id='gallery-1' class='gallery galleryid-12252 gallery-columns-2 gallery-size-large'><dl class='gallery-item'>\n\t\t\t<dt class='gallery-icon landscape'>\n\t\t\t\t<a href='https:\/\/wp.ufpel.edu.br\/clc\/files\/2021\/06\/Cartaz-conferencia-dia-7.png'><img loading=\"lazy\" decoding=\"async\" width=\"640\" height=\"143\" src=\"https:\/\/wp.ufpel.edu.br\/clc\/files\/2021\/06\/Cartaz-conferencia-dia-7-984x220.png\" class=\"attachment-large size-large\" alt=\"\" \/><\/a>\n\t\t\t<\/dt><\/dl><dl class='gallery-item'>\n\t\t\t<dt class='gallery-icon landscape'>\n\t\t\t\t<a href='https:\/\/wp.ufpel.edu.br\/clc\/files\/2021\/06\/Cartaz-mesa-dia-7.png'><img loading=\"lazy\" decoding=\"async\" width=\"640\" height=\"143\" src=\"https:\/\/wp.ufpel.edu.br\/clc\/files\/2021\/06\/Cartaz-mesa-dia-7-984x220.png\" class=\"attachment-large size-large\" alt=\"\" \/><\/a>\n\t\t\t<\/dt><\/dl><br style=\"clear: both\" \/>\n\t\t<\/div>\n\n<\/div>\n<div dir=\"auto\"><span style=\"color: #000000;font-size: 12pt\">\u2022 Mesa redonda &#8220;Nas tramas dos sentidos: entre l\u00edngua e hist\u00f3ria. Apresenta\u00e7\u00e3o da obra Terra \u00e0 Vista&#8221; &#8211; Profa. Dra. Aracy Ernst (UFPEL\/FURG), Profa. Dra. Luciana Vinhas (UFPEL) e Profa. Dra. Rosely Machado (FURG);<\/span><\/div>\n<div dir=\"auto\"><span style=\"color: #000000;font-size: 12pt\">\u2022 Confer\u00eancia &#8220;Mem\u00f3ria e atualidade: o acontecimento do Terra \u00e0 Vista em mim&#8221; &#8211; Profa. Dra. \u00c1gueda Borges (UFMT).<\/span><\/div>\n<\/div>\n<div dir=\"auto\"><\/div>\n<div dir=\"auto\"><\/div>\n<p>&nbsp;<\/p>\n<div style=\"text-align: justify\">\n<div dir=\"auto\"><strong><span style=\"color: #000000;font-size: 12pt\">14 de julho, \u00e0s 14 horas:<\/span><\/strong><\/div>\n<div dir=\"auto\"><strong><span style=\"color: #000000;font-size: 12pt\"><a href=\"https:\/\/wp.ufpel.edu.br\/clc\/files\/2021\/06\/Cartaz-conferencia-dia-14.png\"><img loading=\"lazy\" decoding=\"async\" class=\"wp-image-12254 aligncenter\" src=\"https:\/\/wp.ufpel.edu.br\/clc\/files\/2021\/06\/Cartaz-conferencia-dia-14.png\" alt=\"\" width=\"401\" height=\"401\" srcset=\"https:\/\/wp.ufpel.edu.br\/clc\/files\/2021\/06\/Cartaz-conferencia-dia-14.png 1620w, https:\/\/wp.ufpel.edu.br\/clc\/files\/2021\/06\/Cartaz-conferencia-dia-14-318x318.png 318w, https:\/\/wp.ufpel.edu.br\/clc\/files\/2021\/06\/Cartaz-conferencia-dia-14-159x159.png 159w, https:\/\/wp.ufpel.edu.br\/clc\/files\/2021\/06\/Cartaz-conferencia-dia-14-768x768.png 768w, https:\/\/wp.ufpel.edu.br\/clc\/files\/2021\/06\/Cartaz-conferencia-dia-14-1536x1536.png 1536w\" sizes=\"auto, (max-width: 401px) 100vw, 401px\" \/><\/a><\/span><\/strong><\/div>\n<div dir=\"auto\"><span style=\"color: #000000;font-size: 12pt\">\u2022 Confer\u00eancia &#8220;A lat\u00eancia dos sentidos na pulsa\u00e7\u00e3o da hist\u00f3ria&#8221; &#8211; Eni Orlandi (UNEMAT\/UNICAMP).<\/span><\/div>\n<div dir=\"auto\"><\/div>\n<div dir=\"auto\"><\/div>\n<\/div>\n<p>&nbsp;<\/p>\n<div style=\"text-align: justify\">\n<div dir=\"auto\"><strong><span style=\"color: #000000;font-size: 12pt\">21 de julho, \u00e0s 14 horas:<\/span><\/strong><\/div>\n<div dir=\"auto\"><span style=\"color: #000000;font-size: 12pt\"><strong><a href=\"https:\/\/wp.ufpel.edu.br\/clc\/files\/2021\/06\/Cartaz-conferencia-dia-21.png\"><img loading=\"lazy\" decoding=\"async\" class=\"wp-image-12257 aligncenter\" src=\"https:\/\/wp.ufpel.edu.br\/clc\/files\/2021\/06\/Cartaz-conferencia-dia-21.png\" alt=\"\" width=\"418\" height=\"418\" srcset=\"https:\/\/wp.ufpel.edu.br\/clc\/files\/2021\/06\/Cartaz-conferencia-dia-21.png 1620w, https:\/\/wp.ufpel.edu.br\/clc\/files\/2021\/06\/Cartaz-conferencia-dia-21-318x318.png 318w, https:\/\/wp.ufpel.edu.br\/clc\/files\/2021\/06\/Cartaz-conferencia-dia-21-159x159.png 159w, https:\/\/wp.ufpel.edu.br\/clc\/files\/2021\/06\/Cartaz-conferencia-dia-21-768x768.png 768w, https:\/\/wp.ufpel.edu.br\/clc\/files\/2021\/06\/Cartaz-conferencia-dia-21-1536x1536.png 1536w\" sizes=\"auto, (max-width: 418px) 100vw, 418px\" \/><\/a><\/strong><\/span><\/div>\n<div dir=\"auto\">\n<p><span style=\"color: #000000;font-size: 12pt\">\u2022 Confer\u00eancia &#8220;Pr\u00e9sences tsiganes en France (et divers pays d\u2019Europe): le traitement politique et la perception de l\u2019Autre, XVIe \u2013 XXLe si\u00e8cle&#8221; (com tradu\u00e7\u00e3o simult\u00e2nea) &#8211; Prof. Dr. Emmanuel Filhol (Universit\u00e9 de Bordeaux I).<\/span><\/p>\n<\/div>\n<\/div>\n<div style=\"text-align: justify\">\n<div dir=\"auto\"><strong><span style=\"color: #000000;font-size: 12pt\">Transmiss\u00e3o pelo canal do Youtube do PPGL UFPel:<\/span><\/strong><\/div>\n<div dir=\"auto\"><strong><span style=\"color: #000000;font-size: 12pt\">\u279c <a role=\"link\" href=\"https:\/\/www.youtube.com\/channel\/UCt-yUju8EyNzT7f3WBzkpVg?fbclid=IwAR0v10WOO7-s3tnOMIkb3XucQZipfBKHxW9f850Y2hmYDNr_1po9PYBGIMA\" target=\"_blank\" rel=\"nofollow noopener\" data-saferedirecturl=\"https:\/\/www.google.com\/url?q=https:\/\/www.youtube.com\/channel\/UCt-yUju8EyNzT7f3WBzkpVg?fbclid%3DIwAR0v10WOO7-s3tnOMIkb3XucQZipfBKHxW9f850Y2hmYDNr_1po9PYBGIMA&amp;source=gmail&amp;ust=1624740213028000&amp;usg=AFQjCNElhr-id9dwrP7In9QbDfdwrfRh3w\">https:\/\/www.youtube.com\/channel\/UCt-yUju8EyNzT7f3WBzkpVg<\/a><\/span><\/strong><\/div>\n<\/div>\n<div style=\"text-align: justify\">\n<div dir=\"auto\"><strong><span style=\"color: #000000;font-size: 12pt\">Inscri\u00e7\u00f5es no formul\u00e1rio:<\/span><\/strong><\/div>\n<\/div>\n<div class=\"gmail_default\" style=\"text-align: justify\"><strong><span style=\"font-size: 12pt\">\u279c <a role=\"link\" href=\"https:\/\/l.facebook.com\/l.php?u=https%3A%2F%2Fforms.gle%2FjLP2z3FRGSaDMQMMA%3Ffbclid%3DIwAR2t9-srTE8YfizXTfj841Lbx-SAYawuhmp9l38gUyHgU_NXcU53G9NjlFQ&amp;h=AT28LYvvoORjcQXe9x4tYvmyIUnToL7LzpkkWtqOlZy5-wJ9_D8eXNT9PLZFrNFN9-Pkbj9d0L4WoohV9X_92bjmhPh8_ucOI2PDQ6mtoTHX_yE1qRwzAiYeO8bOWeZp3xL1lEiWvYuXWFGsXgZG&amp;__tn__=-UK-y-R&amp;c[0]=AT3sv7q7EaeXVOMUrJgboMt7L5WOqNKxIGMZ-h-brjPJRT49DAh_S8z4sUyIEmusAeMtQdUid-X9WguN5E3kak0JY619lcqd4nzgC1Ob3BzmzbkRqyfY0lOOAa7jjHS8IGXM1W9lthzqT-tA6cDjXo0N4k5IbT7n0-Sg1v7iIGejAQjLCw\" target=\"_blank\" rel=\"nofollow noopener\" data-saferedirecturl=\"https:\/\/www.google.com\/url?q=https:\/\/l.facebook.com\/l.php?u%3Dhttps%253A%252F%252Fforms.gle%252FjLP2z3FRGSaDMQMMA%253Ffbclid%253DIwAR2t9-srTE8YfizXTfj841Lbx-SAYawuhmp9l38gUyHgU_NXcU53G9NjlFQ%26h%3DAT28LYvvoORjcQXe9x4tYvmyIUnToL7LzpkkWtqOlZy5-wJ9_D8eXNT9PLZFrNFN9-Pkbj9d0L4WoohV9X_92bjmhPh8_ucOI2PDQ6mtoTHX_yE1qRwzAiYeO8bOWeZp3xL1lEiWvYuXWFGsXgZG%26__tn__%3D-UK-y-R%26c%5B0%5D%3DAT3sv7q7EaeXVOMUrJgboMt7L5WOqNKxIGMZ-h-brjPJRT49DAh_S8z4sUyIEmusAeMtQdUid-X9WguN5E3kak0JY619lcqd4nzgC1Ob3BzmzbkRqyfY0lOOAa7jjHS8IGXM1W9lthzqT-tA6cDjXo0N4k5IbT7n0-Sg1v7iIGejAQjLCw&amp;source=gmail&amp;ust=1624740213028000&amp;usg=AFQjCNE8DDFLIcNrfLPRnzmI0DNnFsOjng\">https:\/\/forms.gle\/jLP2z3FRGSaDMQMMA<\/a><\/span><\/strong><\/div>\n","protected":false},"excerpt":{"rendered":"<p>Dias 7, 14 e 21 de julho de 2021 Acess\u00edvel em Libras Desde a sua irrup\u00e7\u00e3o, a An\u00e1lise de Discurso materialista prop\u00f5e-se como uma teoria de entrelugar. Em seu escopo, \u00e9 imposs\u00edvel denegar que todo fazer cient\u00edfico \u00e9, tamb\u00e9m, uma &hellip; <a href=\"https:\/\/wp.ufpel.edu.br\/clc\/2021\/06\/25\/coloquio-30-anos-de-terra-a-vista-um-percurso-de-sentidos\/\">Continue lendo <span class=\"meta-nav\">&rarr;<\/span><\/a><\/p>\n","protected":false},"author":50,"featured_media":0,"comment_status":"closed","ping_status":"closed","sticky":false,"template":"","format":"standard","meta":{"footnotes":""},"categories":[33386,33397],"tags":[],"class_list":["post-12252","post","type-post","status-publish","format-standard","hentry","category-eventos","category-pos-graduacao"],"jetpack_featured_media_url":"","_links":{"self":[{"href":"https:\/\/wp.ufpel.edu.br\/clc\/wp-json\/wp\/v2\/posts\/12252","targetHints":{"allow":["GET"]}}],"collection":[{"href":"https:\/\/wp.ufpel.edu.br\/clc\/wp-json\/wp\/v2\/posts"}],"about":[{"href":"https:\/\/wp.ufpel.edu.br\/clc\/wp-json\/wp\/v2\/types\/post"}],"author":[{"embeddable":true,"href":"https:\/\/wp.ufpel.edu.br\/clc\/wp-json\/wp\/v2\/users\/50"}],"replies":[{"embeddable":true,"href":"https:\/\/wp.ufpel.edu.br\/clc\/wp-json\/wp\/v2\/comments?post=12252"}],"version-history":[{"count":6,"href":"https:\/\/wp.ufpel.edu.br\/clc\/wp-json\/wp\/v2\/posts\/12252\/revisions"}],"predecessor-version":[{"id":12264,"href":"https:\/\/wp.ufpel.edu.br\/clc\/wp-json\/wp\/v2\/posts\/12252\/revisions\/12264"}],"wp:attachment":[{"href":"https:\/\/wp.ufpel.edu.br\/clc\/wp-json\/wp\/v2\/media?parent=12252"}],"wp:term":[{"taxonomy":"category","embeddable":true,"href":"https:\/\/wp.ufpel.edu.br\/clc\/wp-json\/wp\/v2\/categories?post=12252"},{"taxonomy":"post_tag","embeddable":true,"href":"https:\/\/wp.ufpel.edu.br\/clc\/wp-json\/wp\/v2\/tags?post=12252"}],"curies":[{"name":"wp","href":"https:\/\/api.w.org\/{rel}","templated":true}]}}