{"id":12242,"date":"2021-06-24T17:47:57","date_gmt":"2021-06-24T20:47:57","guid":{"rendered":"https:\/\/wp.ufpel.edu.br\/clc\/?p=12242"},"modified":"2021-06-24T17:50:52","modified_gmt":"2021-06-24T20:50:52","slug":"quadro-de-avisos-do-clc-no-1-junho-2021","status":"publish","type":"post","link":"https:\/\/wp.ufpel.edu.br\/clc\/2021\/06\/24\/quadro-de-avisos-do-clc-no-1-junho-2021\/","title":{"rendered":"QUADRO DE AVISOS DO CLC \u2013 N\u00ba 1 \/ Junho 2021"},"content":{"rendered":"<p style=\"text-align: justify\">A Dire\u00e7\u00e3o do Centro de Letras e Comunica\u00e7\u00e3o publicou o primeiro <strong>Quadro de Avisos do CLC<\/strong>, no m\u00eas de junho de 2021. Confira no PDF &lt; <strong><a href=\"https:\/\/wp.ufpel.edu.br\/clc\/files\/2021\/06\/informes-clc-jun-21.pdf\">Informes clc jun-21<\/a><\/strong> &gt; ou clicando nas imagens abaixo:<\/p>\n<div id='gallery-1' class='gallery galleryid-12242 gallery-columns-3 gallery-size-large'><dl class='gallery-item'>\n\t\t\t<dt class='gallery-icon portrait'>\n\t\t\t\t<a href='https:\/\/wp.ufpel.edu.br\/clc\/files\/2021\/06\/informes-clc-jun-21-1.png'><img loading=\"lazy\" decoding=\"async\" width=\"640\" height=\"143\" src=\"https:\/\/wp.ufpel.edu.br\/clc\/files\/2021\/06\/informes-clc-jun-21-1-984x220.png\" class=\"attachment-large size-large\" alt=\"\" \/><\/a>\n\t\t\t<\/dt><\/dl><dl class='gallery-item'>\n\t\t\t<dt class='gallery-icon portrait'>\n\t\t\t\t<a href='https:\/\/wp.ufpel.edu.br\/clc\/files\/2021\/06\/informes-clc-jun-21-2.png'><img loading=\"lazy\" decoding=\"async\" width=\"640\" height=\"143\" src=\"https:\/\/wp.ufpel.edu.br\/clc\/files\/2021\/06\/informes-clc-jun-21-2-984x220.png\" class=\"attachment-large size-large\" alt=\"\" \/><\/a>\n\t\t\t<\/dt><\/dl><dl class='gallery-item'>\n\t\t\t<dt class='gallery-icon portrait'>\n\t\t\t\t<a href='https:\/\/wp.ufpel.edu.br\/clc\/files\/2021\/06\/informes-clc-jun-21-3.png'><img loading=\"lazy\" decoding=\"async\" width=\"640\" height=\"143\" src=\"https:\/\/wp.ufpel.edu.br\/clc\/files\/2021\/06\/informes-clc-jun-21-3-984x220.png\" class=\"attachment-large size-large\" alt=\"\" \/><\/a>\n\t\t\t<\/dt><\/dl><br style=\"clear: both\" \/>\n\t\t<\/div>\n\n","protected":false},"excerpt":{"rendered":"<p>A Dire\u00e7\u00e3o do Centro de Letras e Comunica\u00e7\u00e3o publicou o primeiro Quadro de Avisos do CLC, no m\u00eas de junho de 2021. Confira no PDF &lt; Informes clc jun-21 &gt; ou clicando nas imagens abaixo:<\/p>\n","protected":false},"author":50,"featured_media":0,"comment_status":"closed","ping_status":"closed","sticky":false,"template":"","format":"standard","meta":{"footnotes":""},"categories":[33387,1],"tags":[],"class_list":["post-12242","post","type-post","status-publish","format-standard","hentry","category-direcao","category-notcias"],"jetpack_featured_media_url":"","_links":{"self":[{"href":"https:\/\/wp.ufpel.edu.br\/clc\/wp-json\/wp\/v2\/posts\/12242","targetHints":{"allow":["GET"]}}],"collection":[{"href":"https:\/\/wp.ufpel.edu.br\/clc\/wp-json\/wp\/v2\/posts"}],"about":[{"href":"https:\/\/wp.ufpel.edu.br\/clc\/wp-json\/wp\/v2\/types\/post"}],"author":[{"embeddable":true,"href":"https:\/\/wp.ufpel.edu.br\/clc\/wp-json\/wp\/v2\/users\/50"}],"replies":[{"embeddable":true,"href":"https:\/\/wp.ufpel.edu.br\/clc\/wp-json\/wp\/v2\/comments?post=12242"}],"version-history":[{"count":4,"href":"https:\/\/wp.ufpel.edu.br\/clc\/wp-json\/wp\/v2\/posts\/12242\/revisions"}],"predecessor-version":[{"id":12251,"href":"https:\/\/wp.ufpel.edu.br\/clc\/wp-json\/wp\/v2\/posts\/12242\/revisions\/12251"}],"wp:attachment":[{"href":"https:\/\/wp.ufpel.edu.br\/clc\/wp-json\/wp\/v2\/media?parent=12242"}],"wp:term":[{"taxonomy":"category","embeddable":true,"href":"https:\/\/wp.ufpel.edu.br\/clc\/wp-json\/wp\/v2\/categories?post=12242"},{"taxonomy":"post_tag","embeddable":true,"href":"https:\/\/wp.ufpel.edu.br\/clc\/wp-json\/wp\/v2\/tags?post=12242"}],"curies":[{"name":"wp","href":"https:\/\/api.w.org\/{rel}","templated":true}]}}