{"id":12231,"date":"2021-06-22T13:55:59","date_gmt":"2021-06-22T16:55:59","guid":{"rendered":"https:\/\/wp.ufpel.edu.br\/clc\/?p=12231"},"modified":"2021-06-22T13:55:59","modified_gmt":"2021-06-22T16:55:59","slug":"cursos-de-linguas-seleciona-ministrantes-de-frances-e-ingles","status":"publish","type":"post","link":"https:\/\/wp.ufpel.edu.br\/clc\/2021\/06\/22\/cursos-de-linguas-seleciona-ministrantes-de-frances-e-ingles\/","title":{"rendered":"Cursos de L\u00ednguas seleciona ministrantes de franc\u00eas e ingl\u00eas"},"content":{"rendered":"<p style=\"text-align: justify\"><a href=\"https:\/\/wp.ufpel.edu.br\/clc\/files\/2021\/06\/Cartazes-selecao-bolsistas.png\"><img loading=\"lazy\" decoding=\"async\" class=\"wp-image-12234 alignleft\" src=\"https:\/\/wp.ufpel.edu.br\/clc\/files\/2021\/06\/Cartazes-selecao-bolsistas.png\" alt=\"\" width=\"270\" height=\"270\" srcset=\"https:\/\/wp.ufpel.edu.br\/clc\/files\/2021\/06\/Cartazes-selecao-bolsistas.png 1080w, https:\/\/wp.ufpel.edu.br\/clc\/files\/2021\/06\/Cartazes-selecao-bolsistas-318x318.png 318w, https:\/\/wp.ufpel.edu.br\/clc\/files\/2021\/06\/Cartazes-selecao-bolsistas-159x159.png 159w, https:\/\/wp.ufpel.edu.br\/clc\/files\/2021\/06\/Cartazes-selecao-bolsistas-768x768.png 768w\" sizes=\"auto, (max-width: 270px) 100vw, 270px\" \/><\/a>O\u00a0<strong>projeto de extens\u00e3o \u201cCursos de L\u00ednguas\u201d\u00a0<\/strong>torna p\u00fablico que, <strong>de 21 a 28 de junho, \u00e0s 23h59,<\/strong> estar\u00e3o abertas as inscri\u00e7\u00f5es para sele\u00e7\u00e3o de MINISTRANTES DE FRANC\u00caS E INGL\u00caS. O projeto faz parte \u200bda C\u00e2mara de Extens\u00e3o (CaExt) do Centro de Letras e Comunica\u00e7\u00e3o (CLC).<\/p>\n<p style=\"text-align: justify\">Confira mais requisitos e a forma de inscri\u00e7\u00e3o no edital: <a href=\"https:\/\/wp.ufpel.edu.br\/clc\/files\/2021\/06\/Edital-04_2021-SELECAO-ministrantes-cursos.pdf\">Edital 04_2021 SELE\u00c7\u00c3O ministrantes cursos<\/a><\/p>\n","protected":false},"excerpt":{"rendered":"<p>O\u00a0projeto de extens\u00e3o \u201cCursos de L\u00ednguas\u201d\u00a0torna p\u00fablico que, de 21 a 28 de junho, \u00e0s 23h59, estar\u00e3o abertas as inscri\u00e7\u00f5es para sele\u00e7\u00e3o de MINISTRANTES DE FRANC\u00caS E INGL\u00caS. O projeto faz parte \u200bda C\u00e2mara de Extens\u00e3o (CaExt) do Centro de &hellip; <a href=\"https:\/\/wp.ufpel.edu.br\/clc\/2021\/06\/22\/cursos-de-linguas-seleciona-ministrantes-de-frances-e-ingles\/\">Continue lendo <span class=\"meta-nav\">&rarr;<\/span><\/a><\/p>\n","protected":false},"author":50,"featured_media":0,"comment_status":"closed","ping_status":"closed","sticky":false,"template":"","format":"standard","meta":{"footnotes":""},"categories":[33392,33385],"tags":[],"class_list":["post-12231","post","type-post","status-publish","format-standard","hentry","category-cursos","category-editais-e-resultados"],"jetpack_featured_media_url":"","_links":{"self":[{"href":"https:\/\/wp.ufpel.edu.br\/clc\/wp-json\/wp\/v2\/posts\/12231","targetHints":{"allow":["GET"]}}],"collection":[{"href":"https:\/\/wp.ufpel.edu.br\/clc\/wp-json\/wp\/v2\/posts"}],"about":[{"href":"https:\/\/wp.ufpel.edu.br\/clc\/wp-json\/wp\/v2\/types\/post"}],"author":[{"embeddable":true,"href":"https:\/\/wp.ufpel.edu.br\/clc\/wp-json\/wp\/v2\/users\/50"}],"replies":[{"embeddable":true,"href":"https:\/\/wp.ufpel.edu.br\/clc\/wp-json\/wp\/v2\/comments?post=12231"}],"version-history":[{"count":4,"href":"https:\/\/wp.ufpel.edu.br\/clc\/wp-json\/wp\/v2\/posts\/12231\/revisions"}],"predecessor-version":[{"id":12239,"href":"https:\/\/wp.ufpel.edu.br\/clc\/wp-json\/wp\/v2\/posts\/12231\/revisions\/12239"}],"wp:attachment":[{"href":"https:\/\/wp.ufpel.edu.br\/clc\/wp-json\/wp\/v2\/media?parent=12231"}],"wp:term":[{"taxonomy":"category","embeddable":true,"href":"https:\/\/wp.ufpel.edu.br\/clc\/wp-json\/wp\/v2\/categories?post=12231"},{"taxonomy":"post_tag","embeddable":true,"href":"https:\/\/wp.ufpel.edu.br\/clc\/wp-json\/wp\/v2\/tags?post=12231"}],"curies":[{"name":"wp","href":"https:\/\/api.w.org\/{rel}","templated":true}]}}