{"id":12228,"date":"2021-06-21T14:35:50","date_gmt":"2021-06-21T17:35:50","guid":{"rendered":"https:\/\/wp.ufpel.edu.br\/clc\/?p=12228"},"modified":"2021-06-21T14:35:50","modified_gmt":"2021-06-21T17:35:50","slug":"desafio-pre-universitario-seleciona-professores-de-ingles","status":"publish","type":"post","link":"https:\/\/wp.ufpel.edu.br\/clc\/2021\/06\/21\/desafio-pre-universitario-seleciona-professores-de-ingles\/","title":{"rendered":"Desafio Pr\u00e9-Universit\u00e1rio seleciona professores de ingl\u00eas"},"content":{"rendered":"<p style=\"text-align: justify\">O Desafio Pr\u00e9-Universit\u00e1rio Popular est\u00e1 \u00e0 procura de professores de ingl\u00eas para integrar seu time de colaboradores. Ser\u00e1 disponibilizada uma vaga, para graduandos a partir do segundo semestre, dos cursos de Letras &#8211; Licenciatura e Reda\u00e7\u00e3o e Revis\u00e3o de Textos.<\/p>\n<p style=\"text-align: justify\">As inscri\u00e7\u00f5es devem ser enviadas pelo e-mail <a href=\"mailto:letrasdesafio18@gmail.com\">letrasdesafio18@gmail.com<\/a> <strong>at\u00e9 25\/06, \u00e0s 23:59. <\/strong>Para mais informa\u00e7\u00f5es, <strong>acesse o edital em <a href=\"https:\/\/bit.ly\/3qe4dlp\" target=\"_blank\" rel=\"noopener\" data-saferedirecturl=\"https:\/\/www.google.com\/url?q=https:\/\/bit.ly\/3qe4dlp&amp;source=gmail&amp;ust=1624381548090000&amp;usg=AFQjCNG-eZxMJlQi233feXhz8YLJvWh6dA\">https:\/\/bit.ly\/3qe4dlp<\/a> <\/strong>, e acompanhe o Desafio pelo <a href=\"https:\/\/www.instagram.com\/desafiopreuniversitariopopular\/?hl=pt-br\" target=\"_blank\" rel=\"noopener\" data-saferedirecturl=\"https:\/\/www.google.com\/url?q=https:\/\/www.instagram.com\/desafiopreuniversitariopopular\/?hl%3Dpt-br&amp;source=gmail&amp;ust=1624381548090000&amp;usg=AFQjCNESHCXEafLxEl90HWt3g4ClJQjV1Q\">Instagram<\/a> e pelo <a href=\"https:\/\/www.facebook.com\/DesafioPreUniversitario\/\" target=\"_blank\" rel=\"noopener\" data-saferedirecturl=\"https:\/\/www.google.com\/url?q=https:\/\/www.facebook.com\/DesafioPreUniversitario\/&amp;source=gmail&amp;ust=1624381548090000&amp;usg=AFQjCNHrNp6T4X89DMGKBvk4oskzsnT3Rg\">Facebook<\/a>.<\/p>\n<p style=\"text-align: justify\">O Desafio Pr\u00e9-Universit\u00e1rio Popular \u00e9 um curso 100% gratuito, que contribui para a integra\u00e7\u00e3o de jovens de baixa renda na Universidade P\u00fablica desde 1993. Hoje, o projeto conta com mais de 70 colaboradores volunt\u00e1rios, e uma programa\u00e7\u00e3o semanal de aulas e monitorias.<\/p>\n","protected":false},"excerpt":{"rendered":"<p>O Desafio Pr\u00e9-Universit\u00e1rio Popular est\u00e1 \u00e0 procura de professores de ingl\u00eas para integrar seu time de colaboradores. Ser\u00e1 disponibilizada uma vaga, para graduandos a partir do segundo semestre, dos cursos de Letras &#8211; Licenciatura e Reda\u00e7\u00e3o e Revis\u00e3o de Textos. &hellip; <a href=\"https:\/\/wp.ufpel.edu.br\/clc\/2021\/06\/21\/desafio-pre-universitario-seleciona-professores-de-ingles\/\">Continue lendo <span class=\"meta-nav\">&rarr;<\/span><\/a><\/p>\n","protected":false},"author":50,"featured_media":0,"comment_status":"closed","ping_status":"closed","sticky":false,"template":"","format":"standard","meta":{"footnotes":""},"categories":[33385],"tags":[],"class_list":["post-12228","post","type-post","status-publish","format-standard","hentry","category-editais-e-resultados"],"jetpack_featured_media_url":"","_links":{"self":[{"href":"https:\/\/wp.ufpel.edu.br\/clc\/wp-json\/wp\/v2\/posts\/12228","targetHints":{"allow":["GET"]}}],"collection":[{"href":"https:\/\/wp.ufpel.edu.br\/clc\/wp-json\/wp\/v2\/posts"}],"about":[{"href":"https:\/\/wp.ufpel.edu.br\/clc\/wp-json\/wp\/v2\/types\/post"}],"author":[{"embeddable":true,"href":"https:\/\/wp.ufpel.edu.br\/clc\/wp-json\/wp\/v2\/users\/50"}],"replies":[{"embeddable":true,"href":"https:\/\/wp.ufpel.edu.br\/clc\/wp-json\/wp\/v2\/comments?post=12228"}],"version-history":[{"count":1,"href":"https:\/\/wp.ufpel.edu.br\/clc\/wp-json\/wp\/v2\/posts\/12228\/revisions"}],"predecessor-version":[{"id":12230,"href":"https:\/\/wp.ufpel.edu.br\/clc\/wp-json\/wp\/v2\/posts\/12228\/revisions\/12230"}],"wp:attachment":[{"href":"https:\/\/wp.ufpel.edu.br\/clc\/wp-json\/wp\/v2\/media?parent=12228"}],"wp:term":[{"taxonomy":"category","embeddable":true,"href":"https:\/\/wp.ufpel.edu.br\/clc\/wp-json\/wp\/v2\/categories?post=12228"},{"taxonomy":"post_tag","embeddable":true,"href":"https:\/\/wp.ufpel.edu.br\/clc\/wp-json\/wp\/v2\/tags?post=12228"}],"curies":[{"name":"wp","href":"https:\/\/api.w.org\/{rel}","templated":true}]}}