{"id":12220,"date":"2021-06-18T17:13:36","date_gmt":"2021-06-18T20:13:36","guid":{"rendered":"https:\/\/wp.ufpel.edu.br\/clc\/?p=12220"},"modified":"2021-06-18T17:19:18","modified_gmt":"2021-06-18T20:19:18","slug":"12220","status":"publish","type":"post","link":"https:\/\/wp.ufpel.edu.br\/clc\/2021\/06\/18\/12220\/","title":{"rendered":"Workshop para TOEFL iBT Test inscreve at\u00e9 domingo (20)"},"content":{"rendered":"<div style=\"text-align: justify\">\n<p><span style=\"font-size: 12pt;font-family: georgia, palatino, serif;color: #333333\"><a href=\"https:\/\/wp.ufpel.edu.br\/clc\/files\/2021\/06\/Toefl.png\"><img loading=\"lazy\" decoding=\"async\" class=\"wp-image-12222 aligncenter\" src=\"https:\/\/wp.ufpel.edu.br\/clc\/files\/2021\/06\/Toefl.png\" alt=\"\" width=\"537\" height=\"419\" srcset=\"https:\/\/wp.ufpel.edu.br\/clc\/files\/2021\/06\/Toefl.png 1014w, https:\/\/wp.ufpel.edu.br\/clc\/files\/2021\/06\/Toefl-408x318.png 408w, https:\/\/wp.ufpel.edu.br\/clc\/files\/2021\/06\/Toefl-204x159.png 204w, https:\/\/wp.ufpel.edu.br\/clc\/files\/2021\/06\/Toefl-768x599.png 768w\" sizes=\"auto, (max-width: 537px) 100vw, 537px\" \/><\/a><span style=\"color: #000000\">O Grupo de Coopera\u00e7\u00e3o Internacional de Universidades Brasileiras e a <em>Educational Testing Service \u2013 ETS<\/em>, organiza\u00e7\u00e3o respons\u00e1vel pelos exames TOEFL iBT e GRE em todo o mundo, ir\u00e3o realizar duas sess\u00f5es de <strong><em>Skill-Based Workshop for the TOEFL iBT Test<\/em>. Podem participar estudantes, servidores docentes e t\u00e9cnico-administrativos\u00a0de Institui\u00e7\u00f5es de Ensino Superior.<\/strong><\/span><\/span><\/p>\n<p><span style=\"color: #000000;font-family: georgia, palatino, serif;font-size: 12pt\">Nesse <\/span><em style=\"font-size: 12pt\">workshop<\/em><span style=\"color: #000000;font-family: georgia, palatino, serif;font-size: 12pt\">, diretores da ETS no Brasil apresentam as principais\u00a0<\/span><em style=\"font-size: 12pt\">skills<\/em><span style=\"color: #000000;font-family: georgia, palatino, serif;font-size: 12pt\"> avaliadas em cada se\u00e7\u00e3o do TOEFL iBT, bem como o formato de cada pergunta e estrat\u00e9gias de prepara\u00e7\u00e3o para ter sucesso no teste.<\/span><\/p>\n<p><span style=\"color: #000000;font-family: georgia, palatino, serif;font-size: 12pt\">O\u00a0<\/span><em style=\"font-size: 12pt\">workshop\u00a0<\/em><span style=\"color: #000000;font-family: georgia, palatino, serif;font-size: 12pt\">abordar\u00e1 os seguintes t\u00f3picos:<\/span><\/p>\n<\/div>\n<div style=\"text-align: justify\"><span style=\"font-size: 12pt;font-family: georgia, palatino, serif;color: #000000\"><strong>1\u00aa Sess\u00e3o:\u00a0<\/strong><em>Overview of the TOEFL iBT + Reading + Listening.<\/em><\/span><\/div>\n<div style=\"text-align: justify\"><span style=\"font-size: 12pt;font-family: georgia, palatino, serif;color: #000000\"><strong>2\u00aa Sess\u00e3o:\u00a0<\/strong><em>Speaking + Writing.<\/em><\/span><\/div>\n<p><\/p>\n<div style=\"text-align: justify\"><span style=\"font-size: 12pt;font-family: georgia, palatino, serif;color: #000000\">Seguem informa\u00e7\u00f5es adicionais e orienta\u00e7\u00f5es sobre o evento:<\/span><\/div>\n<p><\/p>\n<ol style=\"text-align: justify\">\n<li><span style=\"font-size: 12pt;font-family: georgia, palatino, serif;color: #000000\">O\u00a0<em>workshop\u00a0<\/em>\u00e9\u00a0gratuito e ser\u00e1 oferecido na modalidade virtual.<\/span><br \/>\n<span style=\"font-size: 12pt;font-family: georgia, palatino, serif;color: #000000\">\u00a0<\/span><\/li>\n<li><span style=\"font-size: 12pt;font-family: georgia, palatino, serif;color: #000000\"><strong>Datas:\u00a0<\/strong>24\u00a0de junho e 1\u00ba de julho de 2021.<\/span><br \/>\n<span style=\"font-size: 12pt;font-family: georgia, palatino, serif;color: #000000\">\u00a0<\/span><\/li>\n<li><span style=\"font-size: 12pt;font-family: georgia, palatino, serif;color: #000000\"><strong>Hor\u00e1rio das sess\u00f5es:<\/strong>\u00a016:00 \u00e0s 18:00 (hor\u00e1rio de Bras\u00edlia).<\/span><br \/>\n<span style=\"font-size: 12pt;font-family: georgia, palatino, serif;color: #000000\">\u00a0<\/span><\/li>\n<li><span style=\"font-size: 12pt;font-family: georgia, palatino, serif;color: #000000\"><strong>Carga-hor\u00e1ria total:<\/strong>\u00a04 horas.<\/span><br \/>\n<span style=\"font-size: 12pt;font-family: georgia, palatino, serif;color: #000000\">\u00a0<\/span><\/li>\n<li>\n<div><span style=\"font-size: 12pt;font-family: georgia, palatino, serif;color: #000000\"><strong>Data limite para inscri\u00e7\u00f5es: 20 de junho de 2021, at\u00e9 14h;<\/strong><\/span><br \/>\n<span style=\"color: #000000\"><span style=\"font-size: 12pt;font-family: georgia, palatino, serif\">\u00a0<\/span><span style=\"font-size: 12pt;font-family: georgia, palatino, serif\">\u00a0<\/span><\/span><\/div>\n<\/li>\n<li><span style=\"font-size: 12pt;font-family: georgia, palatino, serif;color: #000000\"><b>N\u00e3o h\u00e1 limite de vagas.\u00a0<\/b><\/span><\/li>\n<\/ol>\n<p style=\"text-align: justify\"><span style=\"color: #000000\"><span style=\"font-size: 12pt;font-family: georgia, palatino, serif\"><strong>Informar\u00a0 para o e-mail <a class=\"rABsFf RffVmb AL18ce\" style=\"color: #000000\" href=\"mailto:elisa.stumpf@gmail.com\" target=\"_blank\" rel=\"noopener\" data-tooltip-position=\"top\" data-tooltip=\"Do perfil do usu\u00e1rio do Google\">elisa.stumpf@gmail.com<\/a> :<\/strong><\/span> NOME COMPLETO, CATEGORIA (docente, discente ou TAE), CURSO, E-MAIL E TELEFONE (WHATSAPP). O contato com os participantes ser\u00e1 feito diretamente pelo GCUB por e-mail e Whatsapp\u200b.<\/span><\/p>\n","protected":false},"excerpt":{"rendered":"<p>O Grupo de Coopera\u00e7\u00e3o Internacional de Universidades Brasileiras e a Educational Testing Service \u2013 ETS, organiza\u00e7\u00e3o respons\u00e1vel pelos exames TOEFL iBT e GRE em todo o mundo, ir\u00e3o realizar duas sess\u00f5es de Skill-Based Workshop for the TOEFL iBT Test. Podem &hellip; <a href=\"https:\/\/wp.ufpel.edu.br\/clc\/2021\/06\/18\/12220\/\">Continue lendo <span class=\"meta-nav\">&rarr;<\/span><\/a><\/p>\n","protected":false},"author":50,"featured_media":0,"comment_status":"closed","ping_status":"closed","sticky":false,"template":"","format":"standard","meta":{"footnotes":""},"categories":[33399],"tags":[],"class_list":["post-12220","post","type-post","status-publish","format-standard","hentry","category-idiomas-sem-fronteiras-isf"],"jetpack_featured_media_url":"","_links":{"self":[{"href":"https:\/\/wp.ufpel.edu.br\/clc\/wp-json\/wp\/v2\/posts\/12220","targetHints":{"allow":["GET"]}}],"collection":[{"href":"https:\/\/wp.ufpel.edu.br\/clc\/wp-json\/wp\/v2\/posts"}],"about":[{"href":"https:\/\/wp.ufpel.edu.br\/clc\/wp-json\/wp\/v2\/types\/post"}],"author":[{"embeddable":true,"href":"https:\/\/wp.ufpel.edu.br\/clc\/wp-json\/wp\/v2\/users\/50"}],"replies":[{"embeddable":true,"href":"https:\/\/wp.ufpel.edu.br\/clc\/wp-json\/wp\/v2\/comments?post=12220"}],"version-history":[{"count":5,"href":"https:\/\/wp.ufpel.edu.br\/clc\/wp-json\/wp\/v2\/posts\/12220\/revisions"}],"predecessor-version":[{"id":12227,"href":"https:\/\/wp.ufpel.edu.br\/clc\/wp-json\/wp\/v2\/posts\/12220\/revisions\/12227"}],"wp:attachment":[{"href":"https:\/\/wp.ufpel.edu.br\/clc\/wp-json\/wp\/v2\/media?parent=12220"}],"wp:term":[{"taxonomy":"category","embeddable":true,"href":"https:\/\/wp.ufpel.edu.br\/clc\/wp-json\/wp\/v2\/categories?post=12220"},{"taxonomy":"post_tag","embeddable":true,"href":"https:\/\/wp.ufpel.edu.br\/clc\/wp-json\/wp\/v2\/tags?post=12220"}],"curies":[{"name":"wp","href":"https:\/\/api.w.org\/{rel}","templated":true}]}}