{"id":11540,"date":"2020-12-08T17:36:53","date_gmt":"2020-12-08T20:36:53","guid":{"rendered":"https:\/\/wp.ufpel.edu.br\/clc\/?p=11540"},"modified":"2020-12-08T17:37:58","modified_gmt":"2020-12-08T20:37:58","slug":"votacao-para-direcao-do-clc-dia-14-e-15-12","status":"publish","type":"post","link":"https:\/\/wp.ufpel.edu.br\/clc\/2020\/12\/08\/votacao-para-direcao-do-clc-dia-14-e-15-12\/","title":{"rendered":"Vota\u00e7\u00e3o para Dire\u00e7\u00e3o do CLC dia 14 e 15\/12"},"content":{"rendered":"<p>O processo de consulta informal para elei\u00e7\u00e3o da Dire\u00e7\u00e3o do CLC ser\u00e1 realizado dia 14 e 15\/12. As c\u00e9dulas ser\u00e3o enviadas por email, portanto basta ficar atento \u00e0s mensagens para participar deste movimento democr\u00e1tico.<\/p>\n<p><a href=\"https:\/\/wp.ufpel.edu.br\/clc\/files\/2020\/12\/WhatsApp-Image-2020-12-08-at-12.25.39.jpeg\"><img loading=\"lazy\" decoding=\"async\" class=\"wp-image-11542 aligncenter\" src=\"https:\/\/wp.ufpel.edu.br\/clc\/files\/2020\/12\/WhatsApp-Image-2020-12-08-at-12.25.39.jpeg\" alt=\"\" width=\"297\" height=\"297\" srcset=\"https:\/\/wp.ufpel.edu.br\/clc\/files\/2020\/12\/WhatsApp-Image-2020-12-08-at-12.25.39.jpeg 800w, https:\/\/wp.ufpel.edu.br\/clc\/files\/2020\/12\/WhatsApp-Image-2020-12-08-at-12.25.39-318x318.jpeg 318w, https:\/\/wp.ufpel.edu.br\/clc\/files\/2020\/12\/WhatsApp-Image-2020-12-08-at-12.25.39-159x159.jpeg 159w, https:\/\/wp.ufpel.edu.br\/clc\/files\/2020\/12\/WhatsApp-Image-2020-12-08-at-12.25.39-768x768.jpeg 768w\" sizes=\"auto, (max-width: 297px) 100vw, 297px\" \/><\/a><\/p>\n<p>&nbsp;<\/p>\n","protected":false},"excerpt":{"rendered":"<p>O processo de consulta informal para elei\u00e7\u00e3o da Dire\u00e7\u00e3o do CLC ser\u00e1 realizado dia 14 e 15\/12. As c\u00e9dulas ser\u00e3o enviadas por email, portanto basta ficar atento \u00e0s mensagens para participar deste movimento democr\u00e1tico. &nbsp;<\/p>\n","protected":false},"author":50,"featured_media":0,"comment_status":"closed","ping_status":"closed","sticky":false,"template":"","format":"standard","meta":{"footnotes":""},"categories":[1],"tags":[],"class_list":["post-11540","post","type-post","status-publish","format-standard","hentry","category-notcias"],"jetpack_featured_media_url":"","_links":{"self":[{"href":"https:\/\/wp.ufpel.edu.br\/clc\/wp-json\/wp\/v2\/posts\/11540","targetHints":{"allow":["GET"]}}],"collection":[{"href":"https:\/\/wp.ufpel.edu.br\/clc\/wp-json\/wp\/v2\/posts"}],"about":[{"href":"https:\/\/wp.ufpel.edu.br\/clc\/wp-json\/wp\/v2\/types\/post"}],"author":[{"embeddable":true,"href":"https:\/\/wp.ufpel.edu.br\/clc\/wp-json\/wp\/v2\/users\/50"}],"replies":[{"embeddable":true,"href":"https:\/\/wp.ufpel.edu.br\/clc\/wp-json\/wp\/v2\/comments?post=11540"}],"version-history":[{"count":2,"href":"https:\/\/wp.ufpel.edu.br\/clc\/wp-json\/wp\/v2\/posts\/11540\/revisions"}],"predecessor-version":[{"id":11544,"href":"https:\/\/wp.ufpel.edu.br\/clc\/wp-json\/wp\/v2\/posts\/11540\/revisions\/11544"}],"wp:attachment":[{"href":"https:\/\/wp.ufpel.edu.br\/clc\/wp-json\/wp\/v2\/media?parent=11540"}],"wp:term":[{"taxonomy":"category","embeddable":true,"href":"https:\/\/wp.ufpel.edu.br\/clc\/wp-json\/wp\/v2\/categories?post=11540"},{"taxonomy":"post_tag","embeddable":true,"href":"https:\/\/wp.ufpel.edu.br\/clc\/wp-json\/wp\/v2\/tags?post=11540"}],"curies":[{"name":"wp","href":"https:\/\/api.w.org\/{rel}","templated":true}]}}