{"id":11533,"date":"2020-12-04T19:45:56","date_gmt":"2020-12-04T22:45:56","guid":{"rendered":"https:\/\/wp.ufpel.edu.br\/clc\/?p=11533"},"modified":"2020-12-04T19:47:29","modified_gmt":"2020-12-04T22:47:29","slug":"aula-aberta-da-disciplina-ensino-de-portugues-como-lingua-adicional","status":"publish","type":"post","link":"https:\/\/wp.ufpel.edu.br\/clc\/2020\/12\/04\/aula-aberta-da-disciplina-ensino-de-portugues-como-lingua-adicional\/","title":{"rendered":"Aula aberta da disciplina Ensino de portugu\u00eas como l\u00edngua adicional"},"content":{"rendered":"<p style=\"text-align: justify\">A disciplina Ensino de portugu\u00eas como l\u00edngua adicional, sob responsabilidade da professora Elisa M. Stumpf, far\u00e1 aula aberta \u00e0 comunidade em geral. O evento ocorrer\u00e1 no dia 09\/12, das 10h \u00e0s 12h. A comunidade externa pode participar se inscrevendo pelo link <span style=\"color: #000000\"><a href=\"http:\/\/shorturl.at\/iwDU5\" target=\"_blank\" rel=\"noopener noreferrer\" data-saferedirecturl=\"https:\/\/www.google.com\/url?q=http:\/\/shorturl.at\/iwDU5&amp;source=gmail&amp;ust=1607198251298000&amp;usg=AFQjCNH42iKBUUDAgd7si3BcPZWwR7H9kw\">shorturl.at\/iwDU5<\/a>\u00a0\u00a0<\/span><\/p>\n<p style=\"padding-left: 40px\"><a href=\"https:\/\/wp.ufpel.edu.br\/clc\/files\/2020\/12\/aula_aberta.jpg\"><img loading=\"lazy\" decoding=\"async\" class=\"alignnone size-full wp-image-11535\" src=\"https:\/\/wp.ufpel.edu.br\/clc\/files\/2020\/12\/aula_aberta.jpg\" alt=\"\" width=\"1587\" height=\"2245\" srcset=\"https:\/\/wp.ufpel.edu.br\/clc\/files\/2020\/12\/aula_aberta.jpg 1587w, https:\/\/wp.ufpel.edu.br\/clc\/files\/2020\/12\/aula_aberta-225x318.jpg 225w, https:\/\/wp.ufpel.edu.br\/clc\/files\/2020\/12\/aula_aberta-112x159.jpg 112w, https:\/\/wp.ufpel.edu.br\/clc\/files\/2020\/12\/aula_aberta-768x1086.jpg 768w, https:\/\/wp.ufpel.edu.br\/clc\/files\/2020\/12\/aula_aberta-1086x1536.jpg 1086w, https:\/\/wp.ufpel.edu.br\/clc\/files\/2020\/12\/aula_aberta-1448x2048.jpg 1448w\" sizes=\"auto, (max-width: 1587px) 100vw, 1587px\" \/><\/a><\/p>\n","protected":false},"excerpt":{"rendered":"<p>A disciplina Ensino de portugu\u00eas como l\u00edngua adicional, sob responsabilidade da professora Elisa M. Stumpf, far\u00e1 aula aberta \u00e0 comunidade em geral. O evento ocorrer\u00e1 no dia 09\/12, das 10h \u00e0s 12h. A comunidade externa pode participar se inscrevendo pelo &hellip; <a href=\"https:\/\/wp.ufpel.edu.br\/clc\/2020\/12\/04\/aula-aberta-da-disciplina-ensino-de-portugues-como-lingua-adicional\/\">Continue lendo <span class=\"meta-nav\">&rarr;<\/span><\/a><\/p>\n","protected":false},"author":50,"featured_media":0,"comment_status":"closed","ping_status":"closed","sticky":false,"template":"","format":"standard","meta":{"footnotes":""},"categories":[33383,33386],"tags":[],"class_list":["post-11533","post","type-post","status-publish","format-standard","hentry","category-abertos-a-comunidade","category-eventos"],"jetpack_featured_media_url":"","_links":{"self":[{"href":"https:\/\/wp.ufpel.edu.br\/clc\/wp-json\/wp\/v2\/posts\/11533","targetHints":{"allow":["GET"]}}],"collection":[{"href":"https:\/\/wp.ufpel.edu.br\/clc\/wp-json\/wp\/v2\/posts"}],"about":[{"href":"https:\/\/wp.ufpel.edu.br\/clc\/wp-json\/wp\/v2\/types\/post"}],"author":[{"embeddable":true,"href":"https:\/\/wp.ufpel.edu.br\/clc\/wp-json\/wp\/v2\/users\/50"}],"replies":[{"embeddable":true,"href":"https:\/\/wp.ufpel.edu.br\/clc\/wp-json\/wp\/v2\/comments?post=11533"}],"version-history":[{"count":3,"href":"https:\/\/wp.ufpel.edu.br\/clc\/wp-json\/wp\/v2\/posts\/11533\/revisions"}],"predecessor-version":[{"id":11538,"href":"https:\/\/wp.ufpel.edu.br\/clc\/wp-json\/wp\/v2\/posts\/11533\/revisions\/11538"}],"wp:attachment":[{"href":"https:\/\/wp.ufpel.edu.br\/clc\/wp-json\/wp\/v2\/media?parent=11533"}],"wp:term":[{"taxonomy":"category","embeddable":true,"href":"https:\/\/wp.ufpel.edu.br\/clc\/wp-json\/wp\/v2\/categories?post=11533"},{"taxonomy":"post_tag","embeddable":true,"href":"https:\/\/wp.ufpel.edu.br\/clc\/wp-json\/wp\/v2\/tags?post=11533"}],"curies":[{"name":"wp","href":"https:\/\/api.w.org\/{rel}","templated":true}]}}