{"id":11527,"date":"2020-12-04T14:30:43","date_gmt":"2020-12-04T17:30:43","guid":{"rendered":"https:\/\/wp.ufpel.edu.br\/clc\/?p=11527"},"modified":"2020-12-04T14:30:43","modified_gmt":"2020-12-04T17:30:43","slug":"evento-do-laplimm-sobre-l3-e-lingua-de-heranca-ocorre-no-dia-11","status":"publish","type":"post","link":"https:\/\/wp.ufpel.edu.br\/clc\/2020\/12\/04\/evento-do-laplimm-sobre-l3-e-lingua-de-heranca-ocorre-no-dia-11\/","title":{"rendered":"Evento do LAPLIMM sobre L3 e l\u00edngua de heran\u00e7a ocorre no dia 11"},"content":{"rendered":"<p style=\"text-align: justify\">O <span style=\"font-size: 12pt\"><a href=\"https:\/\/wp.ufpel.edu.br\/laplimm\/\" rel=\"home\">Laborat\u00f3rio de Psicolingu\u00edstica, L\u00ednguas Minorit\u00e1rias e Multilinguismo <\/a><\/span>convida a comunidade em geral para discutir sobre L3 e l\u00edngua de heran\u00e7a, em encontro com a Profa. Dra. Raquel Llama (Universidade de Ottawa).<\/p>\n<p style=\"text-align: justify\">Tema: Aquisi\u00e7\u00e3o da L3 por Falantes de Heran\u00e7a: Explorando os Pap\u00e9is da L\u00edngua de Heran\u00e7a Versus da L\u00edngua Dominante.<\/p>\n<p style=\"text-align: justify\">Dia 11\/12\/2020, \u00e0s 9h30.<\/p>\n<p style=\"text-align: justify\">Link de acesso ao evento:\u00a0<a href=\"http:\/\/meet.google.com\/gao-iovf-fzo\" target=\"_blank\" rel=\"noopener noreferrer\" data-saferedirecturl=\"https:\/\/www.google.com\/url?q=http:\/\/meet.google.com\/gao-iovf-fzo&amp;source=gmail&amp;ust=1606312020424000&amp;usg=AOvVaw0EBdRteEh0hQ5otCVto3uP\">meet.google.com\/gao-iovf-fzo<\/a><\/p>\n<p><a href=\"https:\/\/wp.ufpel.edu.br\/clc\/files\/2020\/12\/Cartaz-Raquel-Llama-Laplimm-724x1024-1.png\"><img loading=\"lazy\" decoding=\"async\" class=\"alignnone size-full wp-image-11529\" src=\"https:\/\/wp.ufpel.edu.br\/clc\/files\/2020\/12\/Cartaz-Raquel-Llama-Laplimm-724x1024-1.png\" alt=\"\" width=\"724\" height=\"1024\" srcset=\"https:\/\/wp.ufpel.edu.br\/clc\/files\/2020\/12\/Cartaz-Raquel-Llama-Laplimm-724x1024-1.png 724w, https:\/\/wp.ufpel.edu.br\/clc\/files\/2020\/12\/Cartaz-Raquel-Llama-Laplimm-724x1024-1-225x318.png 225w, https:\/\/wp.ufpel.edu.br\/clc\/files\/2020\/12\/Cartaz-Raquel-Llama-Laplimm-724x1024-1-112x159.png 112w\" sizes=\"auto, (max-width: 724px) 100vw, 724px\" \/><\/a><\/p>\n","protected":false},"excerpt":{"rendered":"<p>O Laborat\u00f3rio de Psicolingu\u00edstica, L\u00ednguas Minorit\u00e1rias e Multilinguismo convida a comunidade em geral para discutir sobre L3 e l\u00edngua de heran\u00e7a, em encontro com a Profa. Dra. Raquel Llama (Universidade de Ottawa). Tema: Aquisi\u00e7\u00e3o da L3 por Falantes de Heran\u00e7a: &hellip; <a href=\"https:\/\/wp.ufpel.edu.br\/clc\/2020\/12\/04\/evento-do-laplimm-sobre-l3-e-lingua-de-heranca-ocorre-no-dia-11\/\">Continue lendo <span class=\"meta-nav\">&rarr;<\/span><\/a><\/p>\n","protected":false},"author":50,"featured_media":0,"comment_status":"closed","ping_status":"closed","sticky":false,"template":"","format":"standard","meta":{"footnotes":""},"categories":[33386],"tags":[],"class_list":["post-11527","post","type-post","status-publish","format-standard","hentry","category-eventos"],"jetpack_featured_media_url":"","_links":{"self":[{"href":"https:\/\/wp.ufpel.edu.br\/clc\/wp-json\/wp\/v2\/posts\/11527","targetHints":{"allow":["GET"]}}],"collection":[{"href":"https:\/\/wp.ufpel.edu.br\/clc\/wp-json\/wp\/v2\/posts"}],"about":[{"href":"https:\/\/wp.ufpel.edu.br\/clc\/wp-json\/wp\/v2\/types\/post"}],"author":[{"embeddable":true,"href":"https:\/\/wp.ufpel.edu.br\/clc\/wp-json\/wp\/v2\/users\/50"}],"replies":[{"embeddable":true,"href":"https:\/\/wp.ufpel.edu.br\/clc\/wp-json\/wp\/v2\/comments?post=11527"}],"version-history":[{"count":1,"href":"https:\/\/wp.ufpel.edu.br\/clc\/wp-json\/wp\/v2\/posts\/11527\/revisions"}],"predecessor-version":[{"id":11530,"href":"https:\/\/wp.ufpel.edu.br\/clc\/wp-json\/wp\/v2\/posts\/11527\/revisions\/11530"}],"wp:attachment":[{"href":"https:\/\/wp.ufpel.edu.br\/clc\/wp-json\/wp\/v2\/media?parent=11527"}],"wp:term":[{"taxonomy":"category","embeddable":true,"href":"https:\/\/wp.ufpel.edu.br\/clc\/wp-json\/wp\/v2\/categories?post=11527"},{"taxonomy":"post_tag","embeddable":true,"href":"https:\/\/wp.ufpel.edu.br\/clc\/wp-json\/wp\/v2\/tags?post=11527"}],"curies":[{"name":"wp","href":"https:\/\/api.w.org\/{rel}","templated":true}]}}