{"id":11522,"date":"2020-12-04T14:19:48","date_gmt":"2020-12-04T17:19:48","guid":{"rendered":"https:\/\/wp.ufpel.edu.br\/clc\/?p=11522"},"modified":"2020-12-04T14:21:17","modified_gmt":"2020-12-04T17:21:17","slug":"debate-com-a-chapa-inscrita-a-direcao-clc-tuavoz-e-no-dia-7","status":"publish","type":"post","link":"https:\/\/wp.ufpel.edu.br\/clc\/2020\/12\/04\/debate-com-a-chapa-inscrita-a-direcao-clc-tuavoz-e-no-dia-7\/","title":{"rendered":"Debate com a chapa inscrita \u00e0 Dire\u00e7\u00e3o, CLC #tuavoz, \u00e9 no dia 7"},"content":{"rendered":"<p dir=\"ltr\" style=\"text-align: justify\">O processo de consulta informal para elei\u00e7\u00e3o da Dire\u00e7\u00e3o do CLC ter\u00e1 um debate com\u00a0 a chapa inscrita: CLC #tuavoz . \u00c9 no dia 07\/12, \u00e0s 14h, no link: <a href=\"https:\/\/meet.google.com\/xjz-jjse-gnm\">https:\/\/meet.google.com\/xjz-jjse-gnm<\/a><\/p>\n<p dir=\"ltr\" style=\"text-align: center\"><a href=\"https:\/\/wp.ufpel.edu.br\/clc\/files\/2020\/12\/Debate-CLC.png\"><img loading=\"lazy\" decoding=\"async\" class=\"alignnone size-full wp-image-11525\" src=\"https:\/\/wp.ufpel.edu.br\/clc\/files\/2020\/12\/Debate-CLC.png\" alt=\"\" width=\"2160\" height=\"2160\" srcset=\"https:\/\/wp.ufpel.edu.br\/clc\/files\/2020\/12\/Debate-CLC.png 2160w, https:\/\/wp.ufpel.edu.br\/clc\/files\/2020\/12\/Debate-CLC-318x318.png 318w, https:\/\/wp.ufpel.edu.br\/clc\/files\/2020\/12\/Debate-CLC-159x159.png 159w, https:\/\/wp.ufpel.edu.br\/clc\/files\/2020\/12\/Debate-CLC-768x768.png 768w, https:\/\/wp.ufpel.edu.br\/clc\/files\/2020\/12\/Debate-CLC-1536x1536.png 1536w, https:\/\/wp.ufpel.edu.br\/clc\/files\/2020\/12\/Debate-CLC-2048x2048.png 2048w\" sizes=\"auto, (max-width: 2160px) 100vw, 2160px\" \/><\/a><\/p>\n","protected":false},"excerpt":{"rendered":"<p>O processo de consulta informal para elei\u00e7\u00e3o da Dire\u00e7\u00e3o do CLC ter\u00e1 um debate com\u00a0 a chapa inscrita: CLC #tuavoz . \u00c9 no dia 07\/12, \u00e0s 14h, no link: https:\/\/meet.google.com\/xjz-jjse-gnm<\/p>\n","protected":false},"author":50,"featured_media":0,"comment_status":"closed","ping_status":"closed","sticky":false,"template":"","format":"standard","meta":{"footnotes":""},"categories":[33385,33386],"tags":[],"class_list":["post-11522","post","type-post","status-publish","format-standard","hentry","category-editais-e-resultados","category-eventos"],"jetpack_featured_media_url":"","_links":{"self":[{"href":"https:\/\/wp.ufpel.edu.br\/clc\/wp-json\/wp\/v2\/posts\/11522","targetHints":{"allow":["GET"]}}],"collection":[{"href":"https:\/\/wp.ufpel.edu.br\/clc\/wp-json\/wp\/v2\/posts"}],"about":[{"href":"https:\/\/wp.ufpel.edu.br\/clc\/wp-json\/wp\/v2\/types\/post"}],"author":[{"embeddable":true,"href":"https:\/\/wp.ufpel.edu.br\/clc\/wp-json\/wp\/v2\/users\/50"}],"replies":[{"embeddable":true,"href":"https:\/\/wp.ufpel.edu.br\/clc\/wp-json\/wp\/v2\/comments?post=11522"}],"version-history":[{"count":2,"href":"https:\/\/wp.ufpel.edu.br\/clc\/wp-json\/wp\/v2\/posts\/11522\/revisions"}],"predecessor-version":[{"id":11526,"href":"https:\/\/wp.ufpel.edu.br\/clc\/wp-json\/wp\/v2\/posts\/11522\/revisions\/11526"}],"wp:attachment":[{"href":"https:\/\/wp.ufpel.edu.br\/clc\/wp-json\/wp\/v2\/media?parent=11522"}],"wp:term":[{"taxonomy":"category","embeddable":true,"href":"https:\/\/wp.ufpel.edu.br\/clc\/wp-json\/wp\/v2\/categories?post=11522"},{"taxonomy":"post_tag","embeddable":true,"href":"https:\/\/wp.ufpel.edu.br\/clc\/wp-json\/wp\/v2\/tags?post=11522"}],"curies":[{"name":"wp","href":"https:\/\/api.w.org\/{rel}","templated":true}]}}