{"id":11113,"date":"2020-07-22T19:31:06","date_gmt":"2020-07-22T22:31:06","guid":{"rendered":"https:\/\/wp.ufpel.edu.br\/clc\/?p=11113"},"modified":"2020-07-22T19:37:09","modified_gmt":"2020-07-22T22:37:09","slug":"resultado-de-selecao-de-bolsistas-da-rede-idiomas-sem-fronteiras-e-divulgado","status":"publish","type":"post","link":"https:\/\/wp.ufpel.edu.br\/clc\/2020\/07\/22\/resultado-de-selecao-de-bolsistas-da-rede-idiomas-sem-fronteiras-e-divulgado\/","title":{"rendered":"Resultado de sele\u00e7\u00e3o de bolsistas da Rede Idiomas sem Fronteiras \u00e9 divulgado"},"content":{"rendered":"<p style=\"text-align: justify\">A Rede Idiomas sem Fronteiras (IsF) divulgou o resultado referente ao edital <a href=\"https:\/\/wp.ufpel.edu.br\/clc\/files\/2020\/07\/edital-bolsistas-ISF-2020-1.pdf\">bolsistas ISF 2020-1<\/a>. Confira no link a seguir, se voc\u00ea tiver conta no Gmail: <a href=\"https:\/\/docs.google.com\/document\/d\/1tg7YfSQaDerLne3weJ352-F-GTINpcmrie9Pb-yK-GY\/edit?usp=sharing\" target=\"_blank\" rel=\"noopener noreferrer\">resultado<\/a>. Ou, neste\u00a0<a href=\"https:\/\/wp.ufpel.edu.br\/clc\/files\/2020\/07\/Screenshot_20200722-193348.jpg\" target=\"_blank\" rel=\"noopener noreferrer\">Documento.<\/a><\/p>\n","protected":false},"excerpt":{"rendered":"<p>A Rede Idiomas sem Fronteiras (IsF) divulgou o resultado referente ao edital bolsistas ISF 2020-1. Confira no link a seguir, se voc\u00ea tiver conta no Gmail: resultado. Ou, neste\u00a0Documento.<\/p>\n","protected":false},"author":50,"featured_media":0,"comment_status":"closed","ping_status":"closed","sticky":false,"template":"","format":"standard","meta":{"footnotes":""},"categories":[33385,33399],"tags":[],"class_list":["post-11113","post","type-post","status-publish","format-standard","hentry","category-editais-e-resultados","category-idiomas-sem-fronteiras-isf"],"jetpack_featured_media_url":"","_links":{"self":[{"href":"https:\/\/wp.ufpel.edu.br\/clc\/wp-json\/wp\/v2\/posts\/11113","targetHints":{"allow":["GET"]}}],"collection":[{"href":"https:\/\/wp.ufpel.edu.br\/clc\/wp-json\/wp\/v2\/posts"}],"about":[{"href":"https:\/\/wp.ufpel.edu.br\/clc\/wp-json\/wp\/v2\/types\/post"}],"author":[{"embeddable":true,"href":"https:\/\/wp.ufpel.edu.br\/clc\/wp-json\/wp\/v2\/users\/50"}],"replies":[{"embeddable":true,"href":"https:\/\/wp.ufpel.edu.br\/clc\/wp-json\/wp\/v2\/comments?post=11113"}],"version-history":[{"count":4,"href":"https:\/\/wp.ufpel.edu.br\/clc\/wp-json\/wp\/v2\/posts\/11113\/revisions"}],"predecessor-version":[{"id":11119,"href":"https:\/\/wp.ufpel.edu.br\/clc\/wp-json\/wp\/v2\/posts\/11113\/revisions\/11119"}],"wp:attachment":[{"href":"https:\/\/wp.ufpel.edu.br\/clc\/wp-json\/wp\/v2\/media?parent=11113"}],"wp:term":[{"taxonomy":"category","embeddable":true,"href":"https:\/\/wp.ufpel.edu.br\/clc\/wp-json\/wp\/v2\/categories?post=11113"},{"taxonomy":"post_tag","embeddable":true,"href":"https:\/\/wp.ufpel.edu.br\/clc\/wp-json\/wp\/v2\/tags?post=11113"}],"curies":[{"name":"wp","href":"https:\/\/api.w.org\/{rel}","templated":true}]}}