{"id":11096,"date":"2020-07-21T17:59:16","date_gmt":"2020-07-21T20:59:16","guid":{"rendered":"https:\/\/wp.ufpel.edu.br\/clc\/?p=11096"},"modified":"2020-07-21T17:59:16","modified_gmt":"2020-07-21T20:59:16","slug":"convocacao-para-reuniao-da-direcao-e-professores-da-area-de-libras","status":"publish","type":"post","link":"https:\/\/wp.ufpel.edu.br\/clc\/2020\/07\/21\/convocacao-para-reuniao-da-direcao-e-professores-da-area-de-libras\/","title":{"rendered":"Convoca\u00e7\u00e3o para reuni\u00e3o da Dire\u00e7\u00e3o e professores da \u00e1rea de Libras"},"content":{"rendered":"<p style=\"text-align: justify\">A Diretora do Centro de Letras e Comunica\u00e7\u00e3o, no uso de suas atribui\u00e7\u00f5es, convoca todos os professores da \u00e1rea de Libras do CLC para reuni\u00e3o a realizar-se em 24 de julho, \u00e0s 10h. Confira a\u00a0<a href=\"https:\/\/wp.ufpel.edu.br\/clc\/files\/2020\/07\/Convoca\u00e7\u00e3o-Libras-.pdf\">Convoca\u00e7\u00e3o Libras.<\/a><\/p>\n","protected":false},"excerpt":{"rendered":"<p>A Diretora do Centro de Letras e Comunica\u00e7\u00e3o, no uso de suas atribui\u00e7\u00f5es, convoca todos os professores da \u00e1rea de Libras do CLC para reuni\u00e3o a realizar-se em 24 de julho, \u00e0s 10h. Confira a\u00a0Convoca\u00e7\u00e3o Libras.<\/p>\n","protected":false},"author":50,"featured_media":0,"comment_status":"closed","ping_status":"closed","sticky":false,"template":"","format":"standard","meta":{"footnotes":""},"categories":[33387,33395],"tags":[],"class_list":["post-11096","post","type-post","status-publish","format-standard","hentry","category-direcao","category-reunioes"],"jetpack_featured_media_url":"","_links":{"self":[{"href":"https:\/\/wp.ufpel.edu.br\/clc\/wp-json\/wp\/v2\/posts\/11096","targetHints":{"allow":["GET"]}}],"collection":[{"href":"https:\/\/wp.ufpel.edu.br\/clc\/wp-json\/wp\/v2\/posts"}],"about":[{"href":"https:\/\/wp.ufpel.edu.br\/clc\/wp-json\/wp\/v2\/types\/post"}],"author":[{"embeddable":true,"href":"https:\/\/wp.ufpel.edu.br\/clc\/wp-json\/wp\/v2\/users\/50"}],"replies":[{"embeddable":true,"href":"https:\/\/wp.ufpel.edu.br\/clc\/wp-json\/wp\/v2\/comments?post=11096"}],"version-history":[{"count":1,"href":"https:\/\/wp.ufpel.edu.br\/clc\/wp-json\/wp\/v2\/posts\/11096\/revisions"}],"predecessor-version":[{"id":11099,"href":"https:\/\/wp.ufpel.edu.br\/clc\/wp-json\/wp\/v2\/posts\/11096\/revisions\/11099"}],"wp:attachment":[{"href":"https:\/\/wp.ufpel.edu.br\/clc\/wp-json\/wp\/v2\/media?parent=11096"}],"wp:term":[{"taxonomy":"category","embeddable":true,"href":"https:\/\/wp.ufpel.edu.br\/clc\/wp-json\/wp\/v2\/categories?post=11096"},{"taxonomy":"post_tag","embeddable":true,"href":"https:\/\/wp.ufpel.edu.br\/clc\/wp-json\/wp\/v2\/tags?post=11096"}],"curies":[{"name":"wp","href":"https:\/\/api.w.org\/{rel}","templated":true}]}}