{"id":11086,"date":"2020-07-20T16:21:14","date_gmt":"2020-07-20T19:21:14","guid":{"rendered":"https:\/\/wp.ufpel.edu.br\/clc\/?p=11086"},"modified":"2020-07-20T16:21:14","modified_gmt":"2020-07-20T19:21:14","slug":"cuidem-se-juntos-vaipassar","status":"publish","type":"post","link":"https:\/\/wp.ufpel.edu.br\/clc\/2020\/07\/20\/cuidem-se-juntos-vaipassar\/","title":{"rendered":"Cuidem-se! Juntos! #vaipassar"},"content":{"rendered":"<p><a href=\"https:\/\/wp.ufpel.edu.br\/clc\/files\/2020\/07\/WhatsApp-Image-2020-07-20-at-16.11.24.jpeg\"><img loading=\"lazy\" decoding=\"async\" class=\"wp-image-11088  aligncenter\" src=\"https:\/\/wp.ufpel.edu.br\/clc\/files\/2020\/07\/WhatsApp-Image-2020-07-20-at-16.11.24.jpeg\" alt=\"\" width=\"423\" height=\"317\" srcset=\"https:\/\/wp.ufpel.edu.br\/clc\/files\/2020\/07\/WhatsApp-Image-2020-07-20-at-16.11.24.jpeg 960w, https:\/\/wp.ufpel.edu.br\/clc\/files\/2020\/07\/WhatsApp-Image-2020-07-20-at-16.11.24-424x318.jpeg 424w, https:\/\/wp.ufpel.edu.br\/clc\/files\/2020\/07\/WhatsApp-Image-2020-07-20-at-16.11.24-212x159.jpeg 212w, https:\/\/wp.ufpel.edu.br\/clc\/files\/2020\/07\/WhatsApp-Image-2020-07-20-at-16.11.24-768x576.jpeg 768w\" sizes=\"auto, (max-width: 423px) 100vw, 423px\" \/><\/a>&#8220;N\u00e3o me deixe rezar por prote\u00e7\u00e3o contra os perigos, mas pelo destemor em enfrent\u00e1-los.<\/p>\n<p>N\u00e3o me deixe implorar pelo al\u00edvio da dor, mas pela coragem de venc\u00ea-la. N\u00e3o me deixe procurar aliados na batalha da vida, mas a minha pr\u00f3pria for\u00e7a.<\/p>\n<p>N\u00e3o me deixe suplicar com temor aflito para ser salvo, mas esperar paci\u00eancia para merecer a liberdade.<\/p>\n<p>N\u00e3o me permita ser covarde, sentindo a sua clem\u00eancia apenas no meu \u00eaxito, mas me deixe sentir a for\u00e7a de sua m\u00e3o quando eu cair&#8221;.<\/p>\n<p>Tagore<\/p>\n","protected":false},"excerpt":{"rendered":"<p>&#8220;N\u00e3o me deixe rezar por prote\u00e7\u00e3o contra os perigos, mas pelo destemor em enfrent\u00e1-los. N\u00e3o me deixe implorar pelo al\u00edvio da dor, mas pela coragem de venc\u00ea-la. N\u00e3o me deixe procurar aliados na batalha da vida, mas a minha pr\u00f3pria &hellip; <a href=\"https:\/\/wp.ufpel.edu.br\/clc\/2020\/07\/20\/cuidem-se-juntos-vaipassar\/\">Continue lendo <span class=\"meta-nav\">&rarr;<\/span><\/a><\/p>\n","protected":false},"author":50,"featured_media":0,"comment_status":"closed","ping_status":"closed","sticky":false,"template":"","format":"standard","meta":{"footnotes":""},"categories":[1],"tags":[],"class_list":["post-11086","post","type-post","status-publish","format-standard","hentry","category-notcias"],"jetpack_featured_media_url":"","_links":{"self":[{"href":"https:\/\/wp.ufpel.edu.br\/clc\/wp-json\/wp\/v2\/posts\/11086","targetHints":{"allow":["GET"]}}],"collection":[{"href":"https:\/\/wp.ufpel.edu.br\/clc\/wp-json\/wp\/v2\/posts"}],"about":[{"href":"https:\/\/wp.ufpel.edu.br\/clc\/wp-json\/wp\/v2\/types\/post"}],"author":[{"embeddable":true,"href":"https:\/\/wp.ufpel.edu.br\/clc\/wp-json\/wp\/v2\/users\/50"}],"replies":[{"embeddable":true,"href":"https:\/\/wp.ufpel.edu.br\/clc\/wp-json\/wp\/v2\/comments?post=11086"}],"version-history":[{"count":1,"href":"https:\/\/wp.ufpel.edu.br\/clc\/wp-json\/wp\/v2\/posts\/11086\/revisions"}],"predecessor-version":[{"id":11089,"href":"https:\/\/wp.ufpel.edu.br\/clc\/wp-json\/wp\/v2\/posts\/11086\/revisions\/11089"}],"wp:attachment":[{"href":"https:\/\/wp.ufpel.edu.br\/clc\/wp-json\/wp\/v2\/media?parent=11086"}],"wp:term":[{"taxonomy":"category","embeddable":true,"href":"https:\/\/wp.ufpel.edu.br\/clc\/wp-json\/wp\/v2\/categories?post=11086"},{"taxonomy":"post_tag","embeddable":true,"href":"https:\/\/wp.ufpel.edu.br\/clc\/wp-json\/wp\/v2\/tags?post=11086"}],"curies":[{"name":"wp","href":"https:\/\/api.w.org\/{rel}","templated":true}]}}