{"id":11078,"date":"2020-07-17T14:33:02","date_gmt":"2020-07-17T17:33:02","guid":{"rendered":"https:\/\/wp.ufpel.edu.br\/clc\/?p=11078"},"modified":"2020-07-17T14:34:43","modified_gmt":"2020-07-17T17:34:43","slug":"sala-de-aula-invertida-o-que-e-e-como-fazer-no-proximo-coloquio-do-clc","status":"publish","type":"post","link":"https:\/\/wp.ufpel.edu.br\/clc\/2020\/07\/17\/sala-de-aula-invertida-o-que-e-e-como-fazer-no-proximo-coloquio-do-clc\/","title":{"rendered":"Sala de aula invertida: o que \u00e9 e como fazer no pr\u00f3ximo Col\u00f3quio do CLC"},"content":{"rendered":"<p style=\"font-weight: 400;text-align: justify\">Na pr\u00f3xima segunda-feira (20),\u00a0 \u00e0s 17h, o di\u00e1logo do Col\u00f3quio do CLC: Doc\u00eancia no Ensino Superior e educa\u00e7\u00e3o remota ser\u00e1 com a professora e doutoranda do nosso PPGL Helena Kieling. A tem\u00e1tica ser\u00e1: <strong>Sala de aula invertida: o que \u00e9 e como fazer?<\/strong><\/p>\n<p style=\"font-weight: 400;text-align: justify\">Sala: \u00a0<a href=\"https:\/\/webconf.ufpel.edu.br\/b\/van-7yw-tv6\" data-saferedirecturl=\"https:\/\/www.google.com\/url?q=https:\/\/webconf.ufpel.edu.br\/b\/van-7yw-tv6&amp;source=gmail&amp;ust=1595093149452000&amp;usg=AFQjCNH9U97cUkRvol5im4RSXyNB2k3WHg\">https:\/\/webconf.ufpel.edu.br\/b\/van-7yw-tv6<\/a><\/p>\n<p><a href=\"https:\/\/wp.ufpel.edu.br\/clc\/files\/2020\/07\/Helena.jpg\"><img loading=\"lazy\" decoding=\"async\" class=\"alignnone wp-image-11080 size-full\" src=\"https:\/\/wp.ufpel.edu.br\/clc\/files\/2020\/07\/Helena.jpg\" alt=\"\" width=\"800\" height=\"1000\" srcset=\"https:\/\/wp.ufpel.edu.br\/clc\/files\/2020\/07\/Helena.jpg 800w, https:\/\/wp.ufpel.edu.br\/clc\/files\/2020\/07\/Helena-254x318.jpg 254w, https:\/\/wp.ufpel.edu.br\/clc\/files\/2020\/07\/Helena-127x159.jpg 127w, https:\/\/wp.ufpel.edu.br\/clc\/files\/2020\/07\/Helena-768x960.jpg 768w\" sizes=\"auto, (max-width: 800px) 100vw, 800px\" \/><\/a><\/p>\n<p style=\"padding-left: 40px\">\n","protected":false},"excerpt":{"rendered":"<p>Na pr\u00f3xima segunda-feira (20),\u00a0 \u00e0s 17h, o di\u00e1logo do Col\u00f3quio do CLC: Doc\u00eancia no Ensino Superior e educa\u00e7\u00e3o remota ser\u00e1 com a professora e doutoranda do nosso PPGL Helena Kieling. A tem\u00e1tica ser\u00e1: Sala de aula invertida: o que \u00e9 &hellip; <a href=\"https:\/\/wp.ufpel.edu.br\/clc\/2020\/07\/17\/sala-de-aula-invertida-o-que-e-e-como-fazer-no-proximo-coloquio-do-clc\/\">Continue lendo <span class=\"meta-nav\">&rarr;<\/span><\/a><\/p>\n","protected":false},"author":50,"featured_media":0,"comment_status":"closed","ping_status":"closed","sticky":false,"template":"","format":"standard","meta":{"footnotes":""},"categories":[33398,33386,1],"tags":[],"class_list":["post-11078","post","type-post","status-publish","format-standard","hentry","category-calendario-alternativo-20","category-eventos","category-notcias"],"jetpack_featured_media_url":"","_links":{"self":[{"href":"https:\/\/wp.ufpel.edu.br\/clc\/wp-json\/wp\/v2\/posts\/11078","targetHints":{"allow":["GET"]}}],"collection":[{"href":"https:\/\/wp.ufpel.edu.br\/clc\/wp-json\/wp\/v2\/posts"}],"about":[{"href":"https:\/\/wp.ufpel.edu.br\/clc\/wp-json\/wp\/v2\/types\/post"}],"author":[{"embeddable":true,"href":"https:\/\/wp.ufpel.edu.br\/clc\/wp-json\/wp\/v2\/users\/50"}],"replies":[{"embeddable":true,"href":"https:\/\/wp.ufpel.edu.br\/clc\/wp-json\/wp\/v2\/comments?post=11078"}],"version-history":[{"count":2,"href":"https:\/\/wp.ufpel.edu.br\/clc\/wp-json\/wp\/v2\/posts\/11078\/revisions"}],"predecessor-version":[{"id":11085,"href":"https:\/\/wp.ufpel.edu.br\/clc\/wp-json\/wp\/v2\/posts\/11078\/revisions\/11085"}],"wp:attachment":[{"href":"https:\/\/wp.ufpel.edu.br\/clc\/wp-json\/wp\/v2\/media?parent=11078"}],"wp:term":[{"taxonomy":"category","embeddable":true,"href":"https:\/\/wp.ufpel.edu.br\/clc\/wp-json\/wp\/v2\/categories?post=11078"},{"taxonomy":"post_tag","embeddable":true,"href":"https:\/\/wp.ufpel.edu.br\/clc\/wp-json\/wp\/v2\/tags?post=11078"}],"curies":[{"name":"wp","href":"https:\/\/api.w.org\/{rel}","templated":true}]}}