{"id":10622,"date":"2020-03-11T16:44:53","date_gmt":"2020-03-11T19:44:53","guid":{"rendered":"https:\/\/wp.ufpel.edu.br\/clc\/?p=10622"},"modified":"2020-03-11T16:44:53","modified_gmt":"2020-03-11T19:44:53","slug":"ppgl-abre-selecao-para-bolsa-de-desenvolvimento-da-unidade-bdu","status":"publish","type":"post","link":"https:\/\/wp.ufpel.edu.br\/clc\/2020\/03\/11\/ppgl-abre-selecao-para-bolsa-de-desenvolvimento-da-unidade-bdu\/","title":{"rendered":"PPGL abre sele\u00e7\u00e3o para Bolsa de Desenvolvimento da Unidade (BDU)"},"content":{"rendered":"<p style=\"text-align: justify\">De 13 a 18 de mar\u00e7o, estar\u00e3o abertas as inscri\u00e7\u00f5es para a sele\u00e7\u00e3o de um bolsista na modalidade BDU-UFPel, o qual atuar\u00e1 como auxiliar em secretaria no Programa de P\u00f3s-Gradua\u00e7\u00e3o em Letras. A disponibiliza\u00e7\u00e3o da bolsa conta com o apoio da Dire\u00e7\u00e3o do Centro de Letras e Comunica\u00e7\u00e3o.<\/p>\n<p style=\"text-align: justify\">Acesse abaixo o edital e a ficha de inscri\u00e7\u00e3o:<\/p>\n<p style=\"text-align: justify\"><a href=\"https:\/\/wp.ufpel.edu.br\/ppgl\/files\/2020\/03\/SEI_UFPel-0896319-Edital-Bolsa-de-Desenvolvimento-na-Unidade-BDU.pdf\">Edital Bolsa de Desenvolvimento na Unidade (BDU)<\/a><\/p>\n<p style=\"text-align: justify\"><a href=\"https:\/\/wp.ufpel.edu.br\/ppgl\/files\/2020\/03\/SEI_UFPel-0896320-Ficha-de-Inscri%C3%A7%C3%A3o-Bolsa-BDU.pdf\">Ficha de Inscri\u00e7\u00e3o \u2013 Bolsa BDU<\/a><\/p>\n","protected":false},"excerpt":{"rendered":"<p>De 13 a 18 de mar\u00e7o, estar\u00e3o abertas as inscri\u00e7\u00f5es para a sele\u00e7\u00e3o de um bolsista na modalidade BDU-UFPel, o qual atuar\u00e1 como auxiliar em secretaria no Programa de P\u00f3s-Gradua\u00e7\u00e3o em Letras. A disponibiliza\u00e7\u00e3o da bolsa conta com o apoio &hellip; <a href=\"https:\/\/wp.ufpel.edu.br\/clc\/2020\/03\/11\/ppgl-abre-selecao-para-bolsa-de-desenvolvimento-da-unidade-bdu\/\">Continue lendo <span class=\"meta-nav\">&rarr;<\/span><\/a><\/p>\n","protected":false},"author":50,"featured_media":0,"comment_status":"closed","ping_status":"closed","sticky":false,"template":"","format":"standard","meta":{"footnotes":""},"categories":[33385,33397],"tags":[],"class_list":["post-10622","post","type-post","status-publish","format-standard","hentry","category-editais-e-resultados","category-pos-graduacao"],"jetpack_featured_media_url":"","_links":{"self":[{"href":"https:\/\/wp.ufpel.edu.br\/clc\/wp-json\/wp\/v2\/posts\/10622","targetHints":{"allow":["GET"]}}],"collection":[{"href":"https:\/\/wp.ufpel.edu.br\/clc\/wp-json\/wp\/v2\/posts"}],"about":[{"href":"https:\/\/wp.ufpel.edu.br\/clc\/wp-json\/wp\/v2\/types\/post"}],"author":[{"embeddable":true,"href":"https:\/\/wp.ufpel.edu.br\/clc\/wp-json\/wp\/v2\/users\/50"}],"replies":[{"embeddable":true,"href":"https:\/\/wp.ufpel.edu.br\/clc\/wp-json\/wp\/v2\/comments?post=10622"}],"version-history":[{"count":1,"href":"https:\/\/wp.ufpel.edu.br\/clc\/wp-json\/wp\/v2\/posts\/10622\/revisions"}],"predecessor-version":[{"id":10624,"href":"https:\/\/wp.ufpel.edu.br\/clc\/wp-json\/wp\/v2\/posts\/10622\/revisions\/10624"}],"wp:attachment":[{"href":"https:\/\/wp.ufpel.edu.br\/clc\/wp-json\/wp\/v2\/media?parent=10622"}],"wp:term":[{"taxonomy":"category","embeddable":true,"href":"https:\/\/wp.ufpel.edu.br\/clc\/wp-json\/wp\/v2\/categories?post=10622"},{"taxonomy":"post_tag","embeddable":true,"href":"https:\/\/wp.ufpel.edu.br\/clc\/wp-json\/wp\/v2\/tags?post=10622"}],"curies":[{"name":"wp","href":"https:\/\/api.w.org\/{rel}","templated":true}]}}