{"id":10619,"date":"2020-03-11T16:38:48","date_gmt":"2020-03-11T19:38:48","guid":{"rendered":"https:\/\/wp.ufpel.edu.br\/clc\/?p=10619"},"modified":"2020-03-11T16:38:48","modified_gmt":"2020-03-11T19:38:48","slug":"nucleo-de-revisao-de-textos-retoma-atividades","status":"publish","type":"post","link":"https:\/\/wp.ufpel.edu.br\/clc\/2020\/03\/11\/nucleo-de-revisao-de-textos-retoma-atividades\/","title":{"rendered":"N\u00facleo de Revis\u00e3o de Textos retoma atividades"},"content":{"rendered":"<p style=\"text-align: justify\">O N\u00facleo de Revis\u00e3o de Textos, vinculado ao curso de Bacharelado em Letras &#8211; Reda\u00e7\u00e3o e Revis\u00e3o de Textos, comunica que j\u00e1 retornou \u00e0s atividades. Os textos para serem revisados podem ser enviados para o e-mail\u00a0<u><a href=\"mailto:nucleorevisao.ufpel@gmail.com\" target=\"_blank\" rel=\"noopener noreferrer\">nucleorevisao.ufpel@gmail.com<\/a><\/u><\/p>\n","protected":false},"excerpt":{"rendered":"<p>O N\u00facleo de Revis\u00e3o de Textos, vinculado ao curso de Bacharelado em Letras &#8211; Reda\u00e7\u00e3o e Revis\u00e3o de Textos, comunica que j\u00e1 retornou \u00e0s atividades. Os textos para serem revisados podem ser enviados para o e-mail\u00a0nucleorevisao.ufpel@gmail.com<\/p>\n","protected":false},"author":50,"featured_media":0,"comment_status":"closed","ping_status":"closed","sticky":false,"template":"","format":"standard","meta":{"footnotes":""},"categories":[33380],"tags":[],"class_list":["post-10619","post","type-post","status-publish","format-standard","hentry","category-camara-de-extensao"],"jetpack_featured_media_url":"","_links":{"self":[{"href":"https:\/\/wp.ufpel.edu.br\/clc\/wp-json\/wp\/v2\/posts\/10619","targetHints":{"allow":["GET"]}}],"collection":[{"href":"https:\/\/wp.ufpel.edu.br\/clc\/wp-json\/wp\/v2\/posts"}],"about":[{"href":"https:\/\/wp.ufpel.edu.br\/clc\/wp-json\/wp\/v2\/types\/post"}],"author":[{"embeddable":true,"href":"https:\/\/wp.ufpel.edu.br\/clc\/wp-json\/wp\/v2\/users\/50"}],"replies":[{"embeddable":true,"href":"https:\/\/wp.ufpel.edu.br\/clc\/wp-json\/wp\/v2\/comments?post=10619"}],"version-history":[{"count":1,"href":"https:\/\/wp.ufpel.edu.br\/clc\/wp-json\/wp\/v2\/posts\/10619\/revisions"}],"predecessor-version":[{"id":10621,"href":"https:\/\/wp.ufpel.edu.br\/clc\/wp-json\/wp\/v2\/posts\/10619\/revisions\/10621"}],"wp:attachment":[{"href":"https:\/\/wp.ufpel.edu.br\/clc\/wp-json\/wp\/v2\/media?parent=10619"}],"wp:term":[{"taxonomy":"category","embeddable":true,"href":"https:\/\/wp.ufpel.edu.br\/clc\/wp-json\/wp\/v2\/categories?post=10619"},{"taxonomy":"post_tag","embeddable":true,"href":"https:\/\/wp.ufpel.edu.br\/clc\/wp-json\/wp\/v2\/tags?post=10619"}],"curies":[{"name":"wp","href":"https:\/\/api.w.org\/{rel}","templated":true}]}}