{"id":10162,"date":"2019-11-05T14:21:31","date_gmt":"2019-11-05T17:21:31","guid":{"rendered":"https:\/\/wp.ufpel.edu.br\/clc\/?p=10162"},"modified":"2019-11-05T18:52:58","modified_gmt":"2019-11-05T21:52:58","slug":"apresentacao-vivencias-surdas-praticas-artisticas-ocorre-em-7-de-dezembro","status":"publish","type":"post","link":"https:\/\/wp.ufpel.edu.br\/clc\/2019\/11\/05\/apresentacao-vivencias-surdas-praticas-artisticas-ocorre-em-7-de-dezembro\/","title":{"rendered":"Apresenta\u00e7\u00e3o Viv\u00eancias Surdas: Pr\u00e1ticas Art\u00edsticas ocorre em 7 de dezembro"},"content":{"rendered":"<p style=\"text-align: justify\">O grupo de Arte Inclusiva do projeto de extens\u00e3o &#8220;A comunidade surda reinventando a arte do bal\u00e9&#8221;, do Centro de Letras e Comunica\u00e7\u00e3o, apresenta no dia 7 de dezembro &#8220;Viv\u00eancias Surdas: Pr\u00e1ticas Art\u00edsticas&#8221;. A apresenta\u00e7\u00e3o ser\u00e1 \u00e0s 20h no Centro de Artes, bloco 2, Audit\u00f3rio II. O ingresso \u00e9 1kg de alimento n\u00e3o perec\u00edvel.<\/p>\n<p>A apresenta\u00e7\u00e3o \u00e9 resultado de atividades que incentivam a comunidade surda de Pelotas e regi\u00e3o para a pr\u00e1tica de atividade f\u00edsica atrav\u00e9s da aprendizagem de passos b\u00e1sicos do bal\u00e9 cl\u00e1ssico e de dan\u00e7as.<\/p>\n<p><a href=\"https:\/\/wp.ufpel.edu.br\/clc\/files\/2019\/11\/WhatsApp-Image-2019-11-05-at-10.18.48.jpeg\"><img loading=\"lazy\" decoding=\"async\" class=\"alignnone size-full wp-image-10164\" src=\"https:\/\/wp.ufpel.edu.br\/clc\/files\/2019\/11\/WhatsApp-Image-2019-11-05-at-10.18.48.jpeg\" alt=\"\" width=\"940\" height=\"788\" srcset=\"https:\/\/wp.ufpel.edu.br\/clc\/files\/2019\/11\/WhatsApp-Image-2019-11-05-at-10.18.48.jpeg 940w, https:\/\/wp.ufpel.edu.br\/clc\/files\/2019\/11\/WhatsApp-Image-2019-11-05-at-10.18.48-190x159.jpeg 190w, https:\/\/wp.ufpel.edu.br\/clc\/files\/2019\/11\/WhatsApp-Image-2019-11-05-at-10.18.48-379x318.jpeg 379w, https:\/\/wp.ufpel.edu.br\/clc\/files\/2019\/11\/WhatsApp-Image-2019-11-05-at-10.18.48-768x644.jpeg 768w\" sizes=\"auto, (max-width: 940px) 100vw, 940px\" \/><\/a><\/p>\n","protected":false},"excerpt":{"rendered":"<p>O grupo de Arte Inclusiva do projeto de extens\u00e3o &#8220;A comunidade surda reinventando a arte do bal\u00e9&#8221;, do Centro de Letras e Comunica\u00e7\u00e3o, apresenta no dia 7 de dezembro &#8220;Viv\u00eancias Surdas: Pr\u00e1ticas Art\u00edsticas&#8221;. A apresenta\u00e7\u00e3o ser\u00e1 \u00e0s 20h no Centro &hellip; <a href=\"https:\/\/wp.ufpel.edu.br\/clc\/2019\/11\/05\/apresentacao-vivencias-surdas-praticas-artisticas-ocorre-em-7-de-dezembro\/\">Continue lendo <span class=\"meta-nav\">&rarr;<\/span><\/a><\/p>\n","protected":false},"author":50,"featured_media":0,"comment_status":"closed","ping_status":"closed","sticky":false,"template":"","format":"standard","meta":{"footnotes":""},"categories":[33383,33380,33386],"tags":[],"class_list":["post-10162","post","type-post","status-publish","format-standard","hentry","category-abertos-a-comunidade","category-camara-de-extensao","category-eventos"],"jetpack_featured_media_url":"","_links":{"self":[{"href":"https:\/\/wp.ufpel.edu.br\/clc\/wp-json\/wp\/v2\/posts\/10162","targetHints":{"allow":["GET"]}}],"collection":[{"href":"https:\/\/wp.ufpel.edu.br\/clc\/wp-json\/wp\/v2\/posts"}],"about":[{"href":"https:\/\/wp.ufpel.edu.br\/clc\/wp-json\/wp\/v2\/types\/post"}],"author":[{"embeddable":true,"href":"https:\/\/wp.ufpel.edu.br\/clc\/wp-json\/wp\/v2\/users\/50"}],"replies":[{"embeddable":true,"href":"https:\/\/wp.ufpel.edu.br\/clc\/wp-json\/wp\/v2\/comments?post=10162"}],"version-history":[{"count":2,"href":"https:\/\/wp.ufpel.edu.br\/clc\/wp-json\/wp\/v2\/posts\/10162\/revisions"}],"predecessor-version":[{"id":10176,"href":"https:\/\/wp.ufpel.edu.br\/clc\/wp-json\/wp\/v2\/posts\/10162\/revisions\/10176"}],"wp:attachment":[{"href":"https:\/\/wp.ufpel.edu.br\/clc\/wp-json\/wp\/v2\/media?parent=10162"}],"wp:term":[{"taxonomy":"category","embeddable":true,"href":"https:\/\/wp.ufpel.edu.br\/clc\/wp-json\/wp\/v2\/categories?post=10162"},{"taxonomy":"post_tag","embeddable":true,"href":"https:\/\/wp.ufpel.edu.br\/clc\/wp-json\/wp\/v2\/tags?post=10162"}],"curies":[{"name":"wp","href":"https:\/\/api.w.org\/{rel}","templated":true}]}}