{"id":669,"date":"2023-09-04T09:53:38","date_gmt":"2023-09-04T12:53:38","guid":{"rendered":"https:\/\/wp.ufpel.edu.br\/cineclube\/?p=669"},"modified":"2023-09-11T14:42:04","modified_gmt":"2023-09-11T17:42:04","slug":"curta-do-mes-de-setembro","status":"publish","type":"post","link":"https:\/\/wp.ufpel.edu.br\/cineclube\/2023\/09\/04\/curta-do-mes-de-setembro\/","title":{"rendered":"Curta do M\u00eas de Setembro"},"content":{"rendered":"<p><a href=\"https:\/\/wp.ufpel.edu.br\/cineclube\/files\/2023\/07\/Imagem-do-WhatsApp-de-2023-07-05-as-21.19.29.jpg\"><img loading=\"lazy\" decoding=\"async\" class=\"wp-image-650 alignleft\" src=\"https:\/\/wp.ufpel.edu.br\/cineclube\/files\/2023\/07\/Imagem-do-WhatsApp-de-2023-07-05-as-21.19.29.jpg\" alt=\"\" width=\"232\" height=\"161\" srcset=\"https:\/\/wp.ufpel.edu.br\/cineclube\/files\/2023\/07\/Imagem-do-WhatsApp-de-2023-07-05-as-21.19.29.jpg 1189w, https:\/\/wp.ufpel.edu.br\/cineclube\/files\/2023\/07\/Imagem-do-WhatsApp-de-2023-07-05-as-21.19.29-400x277.jpg 400w, https:\/\/wp.ufpel.edu.br\/cineclube\/files\/2023\/07\/Imagem-do-WhatsApp-de-2023-07-05-as-21.19.29-1024x710.jpg 1024w, https:\/\/wp.ufpel.edu.br\/cineclube\/files\/2023\/07\/Imagem-do-WhatsApp-de-2023-07-05-as-21.19.29-768x532.jpg 768w\" sizes=\"auto, (max-width: 232px) 100vw, 232px\" \/><\/a><\/p>\n<p><strong>Um Duelo Para Vida \u2013 12 min<\/strong><\/p>\n<p>Franz era um famoso pianista prod\u00edgio conhecido por tocar qualquer m\u00fasica com perfei\u00e7\u00e3o. Apesar disso, ele era uma pessoa muito vazia, que n\u00e3o via sentido na vida e na morte. Por\u00e9m em uma de suas idas ao hospital para ver sua m\u00e3e doente ele conhece Zoe, uma violinista cheia de vida que vai fazer com que ele mude sua vis\u00e3o sobre o sentido de viver<\/p>\n<p>&nbsp;<\/p>\n","protected":false},"excerpt":{"rendered":"<p>Um Duelo Para Vida \u2013 12 min Franz era um famoso pianista prod\u00edgio conhecido por tocar qualquer m\u00fasica com perfei\u00e7\u00e3o. Apesar disso, ele era uma pessoa muito vazia, que n\u00e3o via sentido na vida e na morte. Por\u00e9m em uma de suas idas ao hospital para ver sua m\u00e3e doente ele conhece Zoe, uma violinista&hellip;<\/p>\n","protected":false},"author":578,"featured_media":656,"comment_status":"closed","ping_status":"closed","sticky":false,"template":"","format":"standard","meta":{"_jetpack_memberships_contains_paid_content":false,"footnotes":""},"categories":[1],"tags":[13,5,12],"class_list":["post-669","post","type-post","status-publish","format-standard","has-post-thumbnail","hentry","category-noticias","tag-cinema","tag-cinema-escolar","tag-producao-de-video-estudantil"],"jetpack_featured_media_url":"https:\/\/wp.ufpel.edu.br\/cineclube\/files\/2023\/08\/Captura-de-tela-2023-08-08-161651.jpg","jetpack_sharing_enabled":true,"_links":{"self":[{"href":"https:\/\/wp.ufpel.edu.br\/cineclube\/wp-json\/wp\/v2\/posts\/669","targetHints":{"allow":["GET"]}}],"collection":[{"href":"https:\/\/wp.ufpel.edu.br\/cineclube\/wp-json\/wp\/v2\/posts"}],"about":[{"href":"https:\/\/wp.ufpel.edu.br\/cineclube\/wp-json\/wp\/v2\/types\/post"}],"author":[{"embeddable":true,"href":"https:\/\/wp.ufpel.edu.br\/cineclube\/wp-json\/wp\/v2\/users\/578"}],"replies":[{"embeddable":true,"href":"https:\/\/wp.ufpel.edu.br\/cineclube\/wp-json\/wp\/v2\/comments?post=669"}],"version-history":[{"count":2,"href":"https:\/\/wp.ufpel.edu.br\/cineclube\/wp-json\/wp\/v2\/posts\/669\/revisions"}],"predecessor-version":[{"id":672,"href":"https:\/\/wp.ufpel.edu.br\/cineclube\/wp-json\/wp\/v2\/posts\/669\/revisions\/672"}],"wp:featuredmedia":[{"embeddable":true,"href":"https:\/\/wp.ufpel.edu.br\/cineclube\/wp-json\/wp\/v2\/media\/656"}],"wp:attachment":[{"href":"https:\/\/wp.ufpel.edu.br\/cineclube\/wp-json\/wp\/v2\/media?parent=669"}],"wp:term":[{"taxonomy":"category","embeddable":true,"href":"https:\/\/wp.ufpel.edu.br\/cineclube\/wp-json\/wp\/v2\/categories?post=669"},{"taxonomy":"post_tag","embeddable":true,"href":"https:\/\/wp.ufpel.edu.br\/cineclube\/wp-json\/wp\/v2\/tags?post=669"}],"curies":[{"name":"wp","href":"https:\/\/api.w.org\/{rel}","templated":true}]}}