{"id":679,"date":"2023-11-24T11:45:53","date_gmt":"2023-11-24T14:45:53","guid":{"rendered":"https:\/\/wp.ufpel.edu.br\/cifmp\/?p=679"},"modified":"2023-11-29T08:19:27","modified_gmt":"2023-11-29T11:19:27","slug":"programacao-dos-paineis-de-comunicacoes","status":"publish","type":"post","link":"https:\/\/wp.ufpel.edu.br\/cifmp\/programacao-dos-paineis-de-comunicacoes\/","title":{"rendered":"Programa\u00e7\u00e3o dos Pain\u00e9is de Comunica\u00e7\u00f5es"},"content":{"rendered":"<p><img loading=\"lazy\" decoding=\"async\" class=\"size-medium wp-image-655 aligncenter\" src=\"https:\/\/wp.ufpel.edu.br\/cifmp\/files\/2023\/10\/2023_Banner-VIII-Congresso_small-424x225.png\" alt=\"\" width=\"424\" height=\"225\" srcset=\"https:\/\/wp.ufpel.edu.br\/cifmp\/files\/2023\/10\/2023_Banner-VIII-Congresso_small-424x225.png 424w, https:\/\/wp.ufpel.edu.br\/cifmp\/files\/2023\/10\/2023_Banner-VIII-Congresso_small-212x113.png 212w, https:\/\/wp.ufpel.edu.br\/cifmp\/files\/2023\/10\/2023_Banner-VIII-Congresso_small.png 512w\" sizes=\"auto, (max-width: 424px) 100vw, 424px\" \/><\/p>\n<p style=\"text-align: center;\"><span style=\"font-size: 14pt;\"><strong><u>Sala 1 \u2013 203<\/u><\/strong><strong>\u00a0\u00a0\u00a0\u00a0\u00a0\u00a0 \u00a0\u00a0\u00a0\u00a0\u00a0\u00a0\u00a0 <\/strong><strong>Dia 28\/11 \u2013 ter\u00e7a-feira\u00a0\u00a0\u00a0 \u00a0\u00a0\u00a0\u00a0\u00a0\u00a0\u00a0\u00a0\u00a0<\/strong><\/span><\/p>\n<p style=\"text-align: center;\"><span style=\"font-size: 14pt;\"><strong>Filosofia Antiga e Medieval<\/strong><\/span><\/p>\n<p style=\"text-align: center;\"><span style=\"font-size: 12pt;\"><em>Coordena\u00e7\u00e3o<\/em>: MARCOS VAZ e ROBERTO SILVA<\/span><\/p>\n<p style=\"text-align: center;\"><strong><span style=\"font-size: 12pt;\">Arist\u00f3teles<\/span><\/strong><\/p>\n<p style=\"text-align: center;\"><span style=\"font-size: 12pt;\">\u00a0\u00a0\u00a0\u00a0\u00a0\u00a0\u00a0\u00a0\u00a0\u00a0\u00a0\u00a0\u00a0\u00a0\u00a0 9h \u2013 9h15 : O CONCEITO DE CIDADANIA NA POL\u00cdTICA DE ARIST\u00d3TELES (Marcelo da Silva Fabres)<\/span><\/p>\n<p style=\"text-align: center;\"><span style=\"font-size: 12pt;\">\u00a0\u00a0\u00a0\u00a0\u00a0\u00a0\u00a0\u00a0\u00a0\u00a0\u00a0\u00a0\u00a0\u00a0\u00a0 9h15 \u2013 9h30: AS LEIS E O GOVERNANTE NA POLITICA DE ARIST\u00d3TELES (S\u00e9rgio Ricardo Strefling)<\/span><\/p>\n<p style=\"text-align: center;\"><span style=\"font-size: 12pt;\">9h30 -9h45 Discuss\u00e3o<\/span><\/p>\n<p style=\"text-align: center;\"><span style=\"font-size: 12pt;\"><strong>Agostinho<\/strong><\/span><\/p>\n<p style=\"text-align: center;\"><span style=\"font-size: 12pt;\">9h45 \u2013 10h: A \u201cLINGUAGEM EXISTENCIAL\u201d NA TEORIA DA ALMA DE AGOSTINHO A PARTIR DA LEITURA HEIDEGGERIANA DE CONFISS\u00d5ES X (Matheus Jeske Vahl)<\/span><\/p>\n<p style=\"text-align: center;\"><span style=\"font-size: 12pt;\">\u00a0\u00a0\u00a0\u00a0\u00a0\u00a0\u00a0\u00a0\u00a0\u00a0\u00a0\u00a0\u00a0\u00a0\u00a0 10h \u2013 10h15: Considera\u00e7\u00f5es sobre a Justi\u00e7a em Santo Agostinho (Marcos Antonio Schiavon)<\/span><\/p>\n<p style=\"text-align: center;\"><span style=\"font-size: 12pt;\">\u00a0\u00a0\u00a0\u00a0\u00a0\u00a0\u00a0\u00a0\u00a0\u00a0\u00a0\u00a0\u00a0\u00a0\u00a0 10h15 &#8211; 10h30: O INCOMPATIBILISMO MORAL NO DE LIBERO ARBITRIO DE AGOSTINHO (Roberto Barboza da Silva)<\/span><\/p>\n<p style=\"text-align: center;\"><span style=\"font-size: 12pt;\"><strong>10h30 -10h45 <\/strong><strong>Discuss\u00e3o<\/strong><\/span><\/p>\n<p style=\"text-align: center;\"><span style=\"font-size: 12pt;\"><em>10h45 \u2013 11h INTERVALO<\/em><\/span><\/p>\n<p style=\"text-align: center;\"><span style=\"font-size: 12pt;\"><em>\u00a0<\/em><\/span><span style=\"font-size: 12pt;\"><strong>Tom\u00e1s de Aquino<\/strong><\/span><\/p>\n<p style=\"text-align: center;\"><span style=\"font-size: 12pt;\">11h \u2013 11h15: O BEM E A OBJETIVIDADE DO INTELLECTUS PRACTICUS NA FILOSOFIA MORAL DE SANTO TOM\u00c1S DE AQUINO (Willian Kalinowski)<\/span><\/p>\n<p style=\"text-align: center;\"><span style=\"font-size: 12pt;\">\u00a0\u00a0\u00a0\u00a0\u00a0\u00a0\u00a0\u00a0\u00a0\u00a0\u00a0\u00a0\u00a0\u00a0\u00a0 11h15 &#8211; 11h30: PROPOR\u00c7\u00c3O, CLARIDADE E VIS\u00c3O EST\u00c9TICA EM TOM\u00c1S DE AQUINO (Matheus Monteiro Redig de Oliveira)<\/span><\/p>\n<p style=\"text-align: center;\"><span style=\"font-size: 12pt;\">11h30 \u2013 11h45 <strong>Discuss\u00e3o<\/strong><\/span><\/p>\n<p style=\"text-align: center;\"><span style=\"font-size: 12pt;\"><strong>11h50 \u2013 Encerramento<\/strong><\/span><\/p>\n<p style=\"text-align: center;\"><span style=\"font-size: 12pt;\"><strong>\u00a0<\/strong><\/span><\/p>\n<p style=\"text-align: center;\"><span style=\"font-size: 14pt;\"><strong><u>Sala 2<\/u><\/strong><strong> &#8211; 204 \u00a0\u00a0\u00a0\u00a0\u00a0\u00a0\u00a0\u00a0\u00a0\u00a0\u00a0\u00a0\u00a0\u00a0\u00a0\u00a0Dia 28\/11 \u2013 ter\u00e7a-feira <\/strong><\/span><\/p>\n<p style=\"text-align: center;\"><span style=\"font-size: 12pt;\"><em>Coordena\u00e7\u00e3o: <\/em>DANIEL ESLAB\u00c3O e STEFANIE KURZ<\/span><\/p>\n<p style=\"text-align: center;\"><span style=\"font-size: 12pt;\"><span style=\"font-size: 14pt;\"><strong>Nietzche et al<\/strong><\/span>\u00a0<\/span><\/p>\n<p style=\"text-align: center;\"><span style=\"font-size: 12pt;\">9h \u2013 9h15: A D\u00c9CADENCE FISIOL\u00d3GICA E ART\u00cdSTICA DE WAGNER: A CR\u00cdTICA DA FISIOLOGIA DA ARTE \u00c0 MORAL MODERNA (Augusto Martins de \u00c1vila)<\/span><\/p>\n<p style=\"text-align: center;\"><span style=\"font-size: 12pt;\">9h15 \u2013 9h30: FRIEDRICH NIETZSCHE: UMA REFLEX\u00c3O SOBRE A CRUELDADE CONTRA SI MESMO (Paulo Rog\u00e9rio da Rosa Corr\u00eaa)<\/span><\/p>\n<p style=\"text-align: center;\"><span style=\"font-size: 12pt;\">9h30 \u2013 9h45: O PROBLEMA DA DECAD\u00caNCIA NA FILOSOFIA DE FRIEDRICH NIETZSCHE (Rafael Gon\u00e7alves da Silveira)<\/span><\/p>\n<p style=\"text-align: center;\"><span style=\"font-size: 12pt;\">9h45 \u2013 10h: A FILOSOFIA COMO PR\u00c1TICA DE INTERROGA\u00c7\u00c3O REFLEXIVA DE H\u00c1BITOS ADQUIRIDOS: Uma reflex\u00e3o a partir dos escritos de Nietzsche (Patr\u00edcia Boeira de Souza)<\/span><\/p>\n<p style=\"text-align: center;\"><span style=\"font-size: 12pt;\">10h \u2013 10h15 &#8211; <strong>Discuss\u00e3o<\/strong><\/span><\/p>\n<p style=\"text-align: center;\"><span style=\"font-size: 12pt;\"><em>10h15 \u2013 10h30 &#8211; INTERVALO<\/em><\/span><\/p>\n<p style=\"text-align: center;\"><span style=\"font-size: 14pt;\"><strong>Pensamento Feminino<\/strong><\/span><\/p>\n<p style=\"text-align: center;\"><span style=\"font-size: 12pt;\">10h30 \u2013 10h45: DUALISMO, AMBIGUIDADE E VULNERABILIDADE METAF\u00cdSICO-EXISTENCIAL A PARTIR DE SIMONE DE BEAUVOIR (Josiana Barbosa Andrade)<\/span><\/p>\n<p style=\"text-align: center;\"><span style=\"font-size: 12pt;\">10h45 \u2013 11h: PENSANDO O SILENCIAMENTO: OU SOBRE PORQUE N\u00c3O SE FALA DE VIOL\u00caNCIA SEXUAL E DE G\u00caNERO (Bruna Schneid da Silva)<\/span><\/p>\n<p style=\"text-align: center;\"><span style=\"font-size: 12pt;\">11h &#8211; 11h15: INTERLOCU\u00c7\u00d5ES SOBRE O CONCEITO DE PRECARIEDADE A PARTIR DO PENSAMENTO DE JUDITH BUTLER (Arlindo Am\u00e9rico Tavares Martins J\u00fanior)<\/span><\/p>\n<p style=\"text-align: center;\"><span style=\"font-size: 12pt;\"><strong>11h15 \u2013 11h30 Discuss\u00e3o<\/strong><\/span><\/p>\n<p style=\"text-align: center;\"><span style=\"font-size: 12pt;\"><strong>11h40 &#8211; Encerramento<\/strong><\/span><\/p>\n<p style=\"text-align: center;\"><span style=\"font-size: 12pt;\"><u>\u00a0<\/u><\/span><\/p>\n<p style=\"text-align: center;\"><span style=\"font-size: 14pt;\"><strong><u>Sala 3 &#8211; 205<\/u><\/strong><strong> \u00a0\u00a0\u00a0\u00a0\u00a0\u00a0\u00a0\u00a0\u00a0\u00a0\u00a0\u00a0\u00a0\u00a0\u00a0 Dia 28\/11 \u2013 ter\u00e7a-feira <\/strong><\/span><\/p>\n<p style=\"text-align: center;\"><span style=\"font-size: 12pt;\"><em>Coordena\u00e7\u00e3o: <\/em>CAROLINA PAULSEN, EDIRLEI BOLDT e RAFAEL<\/span><\/p>\n<p style=\"text-align: center;\"><span style=\"font-size: 14pt;\"><strong>Kant e Filosofia do Direito<\/strong><\/span><\/p>\n<p style=\"text-align: center;\"><span style=\"font-size: 12pt;\">9h \u2013 9h15: KANT, DIGNIDADE HUMANA E A DECLARA\u00c7\u00c3O UNIVERSAL DOS DIREITOS HUMANOS (Edirlei Leandro Boldt Louren\u00e7o)<\/span><\/p>\n<p style=\"text-align: center;\"><span style=\"font-size: 12pt;\">9h15 \u2013 9h30: VIRTUDES CIVIS, HUMANISMO E FELICIDADE P\u00daBLICA (Andrei Thomaz Oss-Emer)<\/span><\/p>\n<p style=\"text-align: center;\"><span style=\"font-size: 12pt;\">9h30 \u2013 9h45: UMA PROPOSTA KANTIANA DE FUNDAMENTA\u00c7\u00c3O \u00c0 RENDA B\u00c1SICA (Nathan D\u2019Avila Silva)<\/span><\/p>\n<p style=\"text-align: center;\"><span style=\"font-size: 12pt;\">9h45 \u2013 10h &#8211; <strong>Discuss\u00e3o<\/strong><\/span><\/p>\n<p style=\"text-align: center;\"><span style=\"font-size: 12pt;\"><em>10 \u2013 10h15 &#8211; INTERVALO<\/em><\/span><\/p>\n<p style=\"text-align: center;\"><span style=\"font-size: 14pt;\"><strong>Filosofia do Direito<\/strong><\/span><\/p>\n<p style=\"text-align: center;\"><span style=\"font-size: 12pt;\">10h15 \u2013 10h30: CONTRAPOSI\u00c7\u00c3O \u00c0 CONTROV\u00c9RSIA DAS INTERPRETA\u00c7\u00d5ES: UMA AN\u00c1LISE SOBRE A PENA DE MORTE EM CESARE BECCARIA (Fl\u00e1via Ferreira Trindade)<\/span><\/p>\n<p style=\"text-align: center;\"><span style=\"font-size: 12pt;\">10h30 \u2013 10h45: ENTRE O ESTADO DE NATUREZA E A LUTA POR RECONHECIMENTO: HOBBES, HEGEL E O PROBLEMA DOS DIREITOS HUMANOS (Diego Echevengu\u00e1 Quadro)<\/span><\/p>\n<p style=\"text-align: center;\"><span style=\"font-size: 12pt;\">10h45 &#8211; 11h: NOTAS SOBRE A TEORIA RECONSTRUTIVA DO DIREITO DE J\u00dcRGEN HABERMAS (Ranieri Rodrigues Garcia)<\/span><\/p>\n<p style=\"text-align: center;\"><span style=\"font-size: 12pt;\">11h \u2013 11h15: UMA PROPOSTA DE FILOSOFIA DA MIGRA\u00c7\u00c3O A PARTIR DA CR\u00cdTICA DO \u201cDIREITO DOS POVOS\u201d DE RAWLS: O PROJETO DE PAZ PERP\u00c9TUA DE KANT COMO FUNDAMENTA\u00c7\u00c3O DA EXIST\u00caNCIA E COABITA\u00c7\u00c3O HUMANA (Alexandre Neves Sapper)<\/span><\/p>\n<p style=\"text-align: center;\"><span style=\"font-size: 12pt;\"><strong>11h15 \u2013 11h30 Discuss\u00e3o<\/strong><\/span><\/p>\n<p style=\"text-align: center;\"><span style=\"font-size: 12pt;\"><strong>11h40 \u2013 Encerramento<\/strong><\/span><\/p>\n<p style=\"text-align: center;\"><span style=\"font-size: 14pt;\"><strong><u>Sala 4 &#8211; 202<\/u><\/strong><strong> \u00a0\u00a0\u00a0 Dia 29\/11 \u2013 Quarta-feira<\/strong><\/span><\/p>\n<p style=\"text-align: center;\"><span style=\"font-size: 14pt;\"><strong>Filosofia em L\u00edngua Inglesa<\/strong><\/span><\/p>\n<p style=\"text-align: center;\"><span style=\"font-size: 12pt;\"><em>Coordena\u00e7\u00e3o: <\/em>CAROLINA PAULSEN e CELINA BROD<\/span><\/p>\n<p style=\"text-align: center;\"><span style=\"font-size: 12pt;\">9h \u2013 9h15: SYMPATHETIC ENGAGEMENT: liberal society and civic virtues in Adam Smith\u2019s thought. (Tha\u00eds Alves Costa)<\/span><\/p>\n<p style=\"text-align: center;\"><span style=\"font-size: 12pt;\">9h15 \u2013 9h30: THE CONCEPT OF PRINCIPLES ON THE CLASSIC TRADITION AND THE GENERAL PRINCIPLES OF LAW (Julian Ritzel Farret)<\/span><\/p>\n<p style=\"text-align: center;\"><span style=\"font-size: 12pt;\">9h30 \u2013 9h45: AI\u2019S EMOTIONAL VOID: Agency, Moral Sense and Friendships (Evandro Barbosa)<\/span><\/p>\n<p style=\"text-align: center;\"><span style=\"font-size: 12pt;\">9h45 \u2013 10h &#8211; <strong>Discuss\u00e3o<\/strong><\/span><\/p>\n<p style=\"text-align: center;\"><span style=\"font-size: 12pt;\"><em>10 \u2013 10h15 \u2013 INTERVALO<\/em><\/span><\/p>\n<p style=\"text-align: center;\"><span style=\"font-size: 12pt;\">10h15 \u2013 10h30: KANT\u2019S COSMOPOLITAN LAW AND REFUGEES: A MORAL AND JURIDICAL APPROACH (Carolina Paulsen)<\/span><\/p>\n<p style=\"text-align: center;\"><span style=\"font-size: 12pt;\">10h30 \u2013 10h45<strong>:<\/strong> THE ALTERITY ECOLOGY OF MARKUS GABRIEL: A Dialogue With Previous Views Of Our Relation To The Environment And Non-Human Creatures (Aleph Cedrim Barbalho)<\/span><\/p>\n<p style=\"text-align: center;\"><span style=\"font-size: 12pt;\">10h45 &#8211; 11h: WHAT TO EXPECT WHEN NOBODY IS EXPECTING? The moral role of political leaders in the face of disasters (COVID 19) (Celina Alcantara Brod)<\/span><\/p>\n<p style=\"text-align: center;\"><span style=\"font-size: 12pt;\">11h \u2013 11h15: DIARCHY, DEMOCRACY, AND THE EMOTIONAL ASPECTS OF POPULISM: EMOTIONAL VULNERABILITY AND THE EMERGENCE OF POLARIZED DEMAGOGIC CONSENSUS IN NADIA URBINATI&#8217;S VIEW OF DEMOCRATIC DISFIGUREMENT.<\/span><\/p>\n<p style=\"text-align: center;\"><span style=\"font-size: 12pt;\">(Maur\u00edcio Esp\u00edndola Carmona)<\/span><\/p>\n<p style=\"text-align: center;\"><span style=\"font-size: 12pt;\">11h15 \u2013 11h30 <strong>Discuss\u00e3o<\/strong><\/span><\/p>\n<p style=\"text-align: center;\"><span style=\"font-size: 12pt;\">11h40<strong> \u2013 <\/strong><em>Encerramento da sala<\/em><\/span><\/p>\n<p style=\"text-align: center;\"><span style=\"font-size: 12pt;\"><em>\u00a0<\/em><\/span><\/p>\n<p style=\"text-align: center;\"><span style=\"font-size: 14pt;\"><strong><u>SALA 5 &#8211; 316<\/u><\/strong><strong> \u00a0 (3\u00ba andar)\u00a0 \u00a0\u00a0\u00a0\u00a0 Dia \u00a0\u00a029\/11 \u2013 Quarta-feira<\/strong><\/span><\/p>\n<p style=\"text-align: center;\"><span style=\"font-size: 12pt;\"><em>\u00a0\u00a0\u00a0\u00a0\u00a0\u00a0 Coordena\u00e7\u00e3o: <\/em>ANDREI OSS-EMER e ARLINDO TAVARES MARTINS J\u00daNIOR<\/span><\/p>\n<p style=\"text-align: center;\"><span style=\"font-size: 14pt;\"><strong>Crise ecol\u00f3gica, \u00c9tica e Filosofia ambiental<\/strong><\/span><\/p>\n<p style=\"text-align: center;\"><span style=\"font-size: 12pt;\">9h \u2013 9h15: DESENGAJAMENTO MORAL: a distor\u00e7\u00e3o da responsabilidade e o impedimento do engajamento moral com a sustentabilidade ecol\u00f3gica (Eric Botezini Queiroz)<\/span><\/p>\n<p style=\"text-align: center;\"><span style=\"font-size: 12pt;\">9h15 \u2013 9h30: A NO\u00c7\u00c3O DE VALOR INTR\u00cdNSECO EM \u00c9TICA AMBIENTAL (Marcos Vin\u00edcius Madruga Vaz)<\/span><\/p>\n<p style=\"text-align: center;\"><span style=\"font-size: 12pt;\">9h30 \u2013 9h45: CRISE ECOL\u00d3GICA E A CRISE DA FORMA JUR\u00cdDICA: o ecossocialismo de Kohei Saito e de Joel Kovel como alternativas pol\u00edticas (Hector Cury Soares)<\/span><\/p>\n<p style=\"text-align: center;\"><span style=\"font-size: 12pt;\">9h45 \u2013 10h \u2013 SAP\u00d3: UMA RAIZ DE EDUCA\u00c7\u00c3O DECOLONIAL E AMBIENTAL (Lucas Nascimento Reis)<\/span><\/p>\n<p style=\"text-align: center;\"><span style=\"font-size: 12pt;\"><strong>10h-10h15 Discuss\u00e3o<\/strong><\/span><\/p>\n<p style=\"text-align: center;\"><span style=\"font-size: 12pt;\"><em>10h15 \u2013 10h30 \u2013 INTERVALO<\/em><\/span><\/p>\n<p style=\"text-align: center;\"><span style=\"font-size: 12pt;\"><em>\u00a0<\/em><\/span><\/p>\n<p style=\"text-align: center;\"><span style=\"font-size: 12pt;\">10h30 \u2013 10h45<strong>:<\/strong> MAL-ESTAR NO ANTROPOCENO (Gabriel Henrique Souza Maciel)<\/span><\/p>\n<p style=\"text-align: center;\"><span style=\"font-size: 12pt;\">10h45 &#8211; 11h<strong>:<\/strong> A NATUREZA CONTRADIT\u00d3RIA DO CAPITAL: Breves Apontamentos Acerca da Problem\u00e1tica Ambiental e Ecol\u00f3gica sob a \u00d3tica do Marxismo\u00a0<\/span><span style=\"font-size: 12pt;\">(Thales Senna Sim\u00f5es e Hector Cury Soares)<\/span><\/p>\n<p style=\"text-align: center;\"><span style=\"font-size: 12pt;\">11h \u2013 11h15: O CAMPO DA FILOSOFIA AMBIENTAL: a aprecia\u00e7\u00e3o tridimensional de Ricardo Rozzi (Daniel da Rosa Eslab\u00e3o)<\/span><\/p>\n<p style=\"text-align: center;\"><span style=\"font-size: 12pt;\">11h15 \u2013 11h30 <strong>Discuss\u00e3o<\/strong><\/span><\/p>\n<p style=\"text-align: center;\"><span style=\"font-size: 12pt;\">\u00a0\u00a0\u00a0\u00a0\u00a0\u00a0\u00a0\u00a0\u00a0\u00a0\u00a0 11h40 \u2013 <em>Encerramento da sala <\/em>(com continua\u00e7\u00e3o na quinta-feira, sala 202)<\/span><\/p>\n<p style=\"text-align: center;\"><span style=\"font-size: 14pt;\"><strong><u>SALA 6 &#8211; 204<\/u><\/strong><strong>\u00a0 \u00a0\u00a0\u00a0\u00a0Dia 30\/11 \u2013 Quinta-feira<\/strong><strong>\u00a0\u00a0\u00a0\u00a0 <\/strong><\/span><\/p>\n<p style=\"text-align: center;\"><span style=\"font-size: 14pt;\"><strong>Debates contempor\u00e2neos<\/strong><\/span><\/p>\n<p style=\"text-align: center;\"><span style=\"font-size: 12pt;\"><em>Coordena\u00e7\u00e3o: <\/em>JOSIANA ANDRADE e PATR\u00cdCIA SOUZA<\/span><\/p>\n<p style=\"text-align: center;\"><span style=\"font-size: 12pt;\">9h \u2013 9h15: O ESP\u00cdRITO DE SERIEDADE E O SEGUIDOR \u2013 uma abordagem sartriana das m\u00eddias virtuais (Ramiro da Silva Duarte)<\/span><\/p>\n<p style=\"text-align: center;\"><span style=\"font-size: 12pt;\">9h15 \u2013 9h30: COLLIN E ARENDT: A MULHER COMO SUJEITO POL\u00cdTICO (Stefanie Gruppelli Kurz)<\/span><\/p>\n<p style=\"text-align: center;\"><span style=\"font-size: 12pt;\">9h30 \u2013 9h45: (RE)DESCOBRIMENTOS: por uma vis\u00e3o brasileira e latino-americana do \u201cvelho\u201d Mundo (Marcos Lentino Messerschmidt)<\/span><\/p>\n<p style=\"text-align: center;\"><span style=\"font-size: 12pt;\">9h45 \u2013 10h: SACRIF\u00cdCIO NA SOCIEDADE CAPITALISTA: rela\u00e7\u00f5es entre dinheiro, religi\u00e3o e mito na filosofia de Walter Benjamin (Leandro Kim Pereira dos Santos)<\/span><\/p>\n<p style=\"text-align: center;\"><span style=\"font-size: 12pt;\">10h \u2013 10h15 <strong>Discuss\u00e3o<\/strong><\/span><\/p>\n<p style=\"text-align: center;\"><span style=\"font-size: 12pt;\">10h15 \u2013 10h30 <em>\u2013 INTERVALO<\/em><\/span><\/p>\n<p style=\"text-align: center;\"><span style=\"font-size: 12pt;\"><em>\u00a0<\/em><\/span><\/p>\n<p style=\"text-align: center;\"><span style=\"font-size: 12pt;\">\u00a0\u00a0\u00a0\u00a0\u00a0\u00a0\u00a0\u00a0\u00a0\u00a0\u00a0 10h30 \u2013 10h45: A SEMIFORMA\u00c7\u00c3O COMO ASPECTO LIMITADOR NA COMPREENS\u00c3O POL\u00cdTICA (Guilherme Pereira Vieira Fernandes)<\/span><\/p>\n<p style=\"text-align: center;\"><span style=\"font-size: 12pt;\">10h45 \u2013 11h: AS ORIGENS LIBERAIS DA SOCIEDADE UNIDIMENSIONAL DE HERBERT MARCUSE (Paulo Eduardo da Silva Nunes)<\/span><\/p>\n<p style=\"text-align: center;\"><span style=\"font-size: 12pt;\">11h \u2013 11h15 &#8211; A INFLU\u00caNCIA DOS ESTUDOS DECOLONIAS PARA O DEBATE SOBRE BIOPOL\u00cdTICA (Bruna dos Santos Leite)<\/span><\/p>\n<p style=\"text-align: center;\"><span style=\"font-size: 12pt;\">11h15 \u2013 11h30<strong> Discuss\u00e3o<\/strong><\/span><\/p>\n<p style=\"text-align: center;\"><span style=\"font-size: 12pt;\">\u00a0\u00a0\u00a0\u00a0\u00a0\u00a0\u00a0\u00a0\u00a0\u00a0\u00a0 11h40 \u2013 <em>Encerramento da sala<\/em><\/span><\/p>\n<p style=\"text-align: center;\"><span style=\"font-size: 12pt;\"><em>\u00a0<\/em><\/span><\/p>\n<p style=\"text-align: center;\"><span style=\"font-size: 14pt;\"><em>\u00a0<\/em><strong><u>SALA 7 &#8211; 202<\/u><\/strong><strong>\u00a0\u00a0\u00a0\u00a0\u00a0\u00a0\u00a0\u00a0\u00a0\u00a0\u00a0\u00a0\u00a0\u00a0\u00a0\u00a0\u00a0\u00a0\u00a0\u00a0\u00a0\u00a0\u00a0\u00a0\u00a0\u00a0\u00a0\u00a0\u00a0\u00a0 Dia 30\/11 \u2013 Quinta-feira<\/strong><\/span><\/p>\n<p style=\"text-align: center;\"><span style=\"font-size: 12pt;\"><em>Coordena\u00e7\u00e3o: <\/em>GABRIEL MACIEL, ERIC QUEIROZ e RAFAEL<\/span><\/p>\n<p style=\"text-align: center;\"><span style=\"font-size: 14pt;\"><strong>Crise ecol\u00f3gica \/ \u00c9tica e Filosofia Ambiental \u2013 <\/strong>II parte<\/span><\/p>\n<p style=\"text-align: center;\"><span style=\"font-size: 12pt;\">9h \u2013 9h15: DA IMPREVISIBILIDADE E IRREVERSIBILIDADE TECNOL\u00d3GICA \u00c0 RESPONSABILIDADE \u00c9TICA (Jair de Oliveira Duarte Junior)<\/span><\/p>\n<p style=\"text-align: center;\"><span style=\"font-size: 12pt;\">9h15 \u2013 9h30: NOSSOS RESQU\u00cdCIOS DE TERRA (Andrew Oliveira de Oliveira)<\/span><\/p>\n<p style=\"text-align: center;\"><span style=\"font-size: 12pt;\">9h30 \u2013 9h45: OS DESAFIOS DA ECOLOGIA PROFUNDA SOCIAL DE WIRTH (Jo\u00e3o Vitor de Paula Barboza)<\/span><\/p>\n<p style=\"text-align: center;\"><span style=\"font-size: 12pt;\">9h45 \u2013 10h <strong>Discuss\u00e3o<\/strong><\/span><\/p>\n<p style=\"text-align: center;\"><span style=\"font-size: 12pt;\"><em>10h \u2013 10h15 \u2013 INTERVALO<\/em><\/span><\/p>\n<p style=\"text-align: center;\"><span style=\"font-size: 12pt;\"><em>\u00a0<\/em><\/span><\/p>\n<p style=\"text-align: center;\"><span style=\"font-size: 14pt;\"><strong>Filosofia Geral<\/strong><\/span><\/p>\n<p style=\"text-align: center;\"><span style=\"font-size: 12pt;\">\u00a0\u00a0\u00a0\u00a0\u00a0\u00a0\u00a0\u00a0\u00a0\u00a0\u00a0 10h15 \u2013 10h30: RITUAL, LITURGIA E DOUTRINA COMO COADJUVANTES DO SABER (Francisco Robledo de Lira)<\/span><\/p>\n<p style=\"text-align: center;\"><span style=\"font-size: 12pt;\">10h30 \u2013 10h45: SOBRE A IDEIA DE UNIVERSALIDADE E SOBRE SUAS MITOLOGIAS: O Ocidente como art\u00edfice da comunidade universal (Roberta Puccini Gontijo)<\/span><\/p>\n<p style=\"text-align: center;\"><span style=\"font-size: 12pt;\">10h45\u2013 11h: A LITERATURA COMO ALIADA DO PENSAMENTO FILOS\u00d3FICO: um di\u00e1logo sobre o corpo com defici\u00eancia a partir do romance machadiano e da no\u00e7\u00e3o de cultura liter\u00e1ria rortyana (Francisco Raimundo Chaves de Sousa e Heraldo Aparecido Silva)<\/span><\/p>\n<p style=\"text-align: center;\"><span style=\"font-size: 12pt;\">11h \u201311h15: PODER E RECONHECIMENTO: travessias epist\u00eamicas pelos labirintos da viol\u00eancia juvenil na Am\u00e9rica Latina (Janilson Pinheiro Barbosa)<\/span><\/p>\n<p style=\"text-align: center;\"><span style=\"font-size: 12pt;\">11h15 \u2013 11h30 <strong>Discuss\u00e3o<\/strong><\/span><\/p>\n<p style=\"text-align: center;\"><span style=\"font-size: 12pt;\"><strong>11h40 \u2013 <\/strong><em>Enceramento da sala<\/em><\/span><\/p>\n<p style=\"text-align: center;\"><span style=\"font-size: 14pt;\"><em>\u00a0<\/em><strong><u>SALA 8 &#8211; 206<\/u><\/strong><strong> \u00a0\u00a0\u00a0\u00a0\u00a0\u00a0\u00a0\u00a0\u00a0\u00a0\u00a0\u00a0\u00a0 Dia 30\/11 \u2013 Quinta-feira<\/strong><\/span><\/p>\n<p style=\"text-align: center;\"><span style=\"font-size: 12pt;\"><em>Coordena\u00e7\u00e3o: CAIOD\u00ca, WILLIAN KALINOVSKI<\/em><\/span><\/p>\n<p style=\"text-align: center;\"><span style=\"font-size: 14pt;\"><strong>Filosofia e tecnologias<\/strong><\/span><\/p>\n<p style=\"text-align: center;\"><span style=\"font-size: 12pt;\">9h30 \u2013 9h45: \u00c9TICA E INTELIG\u00caNCIA ARTIFICIAL NA FISIOTERAPIA: DO DIAGN\u00d3STICO \u00c0 INTERVEN\u00c7\u00c3O (Fabricio Boscolo Del Vecchio e Carlos Adriano Ferraz)<\/span><\/p>\n<p style=\"text-align: center;\"><span style=\"font-size: 12pt;\">9h45 \u2013 10h: DESAFIOS DA REPRESENTA\u00c7\u00c3O DO CONHECIMENTO MORAL E DA MOTIVA\u00c7\u00c3O MORAL EM SISTEMAS INTELIGENTES<\/span><\/p>\n<p style=\"text-align: center;\"><span style=\"font-size: 12pt;\">(FL\u00c1VIA BRAGA DE AZAMBUJA e JULIANO SANTOS DO CARMO)<\/span><\/p>\n<p style=\"text-align: center;\"><span style=\"font-size: 12pt;\">10h \u2013 10h15: COMO MCDOWELL EMBARCA ARIST\u00d3TELES E WITTGENSTEIN NO \u201cBOTE DE NEURATH\u201d (Hippolyto Ricardo da Silva Ribeiro)<\/span><\/p>\n<p style=\"text-align: center;\"><span style=\"font-size: 12pt;\">10h15 &#8211; 10h30 \u2013 <strong>Discuss\u00e3o<\/strong><\/span><\/p>\n<p style=\"text-align: center;\"><span style=\"font-size: 12pt;\">10h40 <strong>\u2013 <\/strong><em>Encerramento da sala<\/em><\/span><\/p>\n","protected":false},"excerpt":{"rendered":"<p>Sala 1 \u2013 203\u00a0\u00a0\u00a0\u00a0\u00a0\u00a0 \u00a0\u00a0\u00a0\u00a0\u00a0\u00a0\u00a0 Dia 28\/11 \u2013 ter\u00e7a-feira\u00a0\u00a0\u00a0 \u00a0\u00a0\u00a0\u00a0\u00a0\u00a0\u00a0\u00a0\u00a0 Filosofia Antiga e Medieval Coordena\u00e7\u00e3o: MARCOS VAZ e ROBERTO SILVA Arist\u00f3teles \u00a0\u00a0\u00a0\u00a0\u00a0\u00a0\u00a0\u00a0\u00a0\u00a0\u00a0\u00a0\u00a0\u00a0\u00a0 9h \u2013 9h15 : O CONCEITO DE CIDADANIA NA POL\u00cdTICA DE ARIST\u00d3TELES (Marcelo da Silva Fabres) \u00a0\u00a0\u00a0\u00a0\u00a0\u00a0\u00a0\u00a0\u00a0\u00a0\u00a0\u00a0\u00a0\u00a0\u00a0 9h15 \u2013 9h30: AS LEIS E O GOVERNANTE NA POLITICA DE ARIST\u00d3TELES (S\u00e9rgio Ricardo Strefling) 9h30 [&hellip;]<\/p>\n","protected":false},"author":357,"featured_media":0,"comment_status":"closed","ping_status":"closed","sticky":false,"template":"","format":"standard","meta":{"footnotes":""},"categories":[1],"tags":[],"class_list":["post-679","post","type-post","status-publish","format-standard","hentry","category-noticias"],"jetpack_featured_media_url":"","publishpress_future_action":{"enabled":false,"date":"2026-05-07 11:02:29","action":"change-status","newStatus":"draft","terms":[],"taxonomy":"category","extraData":[]},"publishpress_future_workflow_manual_trigger":{"enabledWorkflows":[]},"_links":{"self":[{"href":"https:\/\/wp.ufpel.edu.br\/cifmp\/wp-json\/wp\/v2\/posts\/679","targetHints":{"allow":["GET"]}}],"collection":[{"href":"https:\/\/wp.ufpel.edu.br\/cifmp\/wp-json\/wp\/v2\/posts"}],"about":[{"href":"https:\/\/wp.ufpel.edu.br\/cifmp\/wp-json\/wp\/v2\/types\/post"}],"author":[{"embeddable":true,"href":"https:\/\/wp.ufpel.edu.br\/cifmp\/wp-json\/wp\/v2\/users\/357"}],"replies":[{"embeddable":true,"href":"https:\/\/wp.ufpel.edu.br\/cifmp\/wp-json\/wp\/v2\/comments?post=679"}],"version-history":[{"count":3,"href":"https:\/\/wp.ufpel.edu.br\/cifmp\/wp-json\/wp\/v2\/posts\/679\/revisions"}],"predecessor-version":[{"id":687,"href":"https:\/\/wp.ufpel.edu.br\/cifmp\/wp-json\/wp\/v2\/posts\/679\/revisions\/687"}],"wp:attachment":[{"href":"https:\/\/wp.ufpel.edu.br\/cifmp\/wp-json\/wp\/v2\/media?parent=679"}],"wp:term":[{"taxonomy":"category","embeddable":true,"href":"https:\/\/wp.ufpel.edu.br\/cifmp\/wp-json\/wp\/v2\/categories?post=679"},{"taxonomy":"post_tag","embeddable":true,"href":"https:\/\/wp.ufpel.edu.br\/cifmp\/wp-json\/wp\/v2\/tags?post=679"}],"curies":[{"name":"wp","href":"https:\/\/api.w.org\/{rel}","templated":true}]}}