{"id":1488,"date":"2024-03-15T10:12:45","date_gmt":"2024-03-15T13:12:45","guid":{"rendered":"https:\/\/wp.ufpel.edu.br\/cienciassociais\/?p=1488"},"modified":"2024-03-15T10:24:36","modified_gmt":"2024-03-15T13:24:36","slug":"defesa-de-tcc-arleson-renato-luz-costa","status":"publish","type":"post","link":"https:\/\/wp.ufpel.edu.br\/cienciassociais\/2024\/03\/15\/defesa-de-tcc-arleson-renato-luz-costa\/","title":{"rendered":"Defesa de TCC \u2013 Arleson Renato Luz Costa"},"content":{"rendered":"<p>O estudante Arleson Renato Luz Costa defendeu seu Trabalho de Conclus\u00e3o de Curso, no dia 07 de mar\u00e7o de 2024.<\/p>\n<p><a href=\"https:\/\/wp.ufpel.edu.br\/cienciassociais\/files\/2024\/03\/WhatsApp-Image-2024-03-08-at-09.11.52.jpeg\"><img class=\"size-medium wp-image-1490 aligncenter\" src=\"https:\/\/wp.ufpel.edu.br\/cienciassociais\/files\/2024\/03\/WhatsApp-Image-2024-03-08-at-09.11.52-400x225.jpeg\" alt=\"\" width=\"400\" height=\"225\" srcset=\"https:\/\/wp.ufpel.edu.br\/cienciassociais\/files\/2024\/03\/WhatsApp-Image-2024-03-08-at-09.11.52-400x225.jpeg 400w, https:\/\/wp.ufpel.edu.br\/cienciassociais\/files\/2024\/03\/WhatsApp-Image-2024-03-08-at-09.11.52-1024x576.jpeg 1024w, https:\/\/wp.ufpel.edu.br\/cienciassociais\/files\/2024\/03\/WhatsApp-Image-2024-03-08-at-09.11.52-768x432.jpeg 768w, https:\/\/wp.ufpel.edu.br\/cienciassociais\/files\/2024\/03\/WhatsApp-Image-2024-03-08-at-09.11.52-1536x864.jpeg 1536w, https:\/\/wp.ufpel.edu.br\/cienciassociais\/files\/2024\/03\/WhatsApp-Image-2024-03-08-at-09.11.52.jpeg 1600w\" sizes=\"(max-width: 400px) 100vw, 400px\" \/><\/a>Orientado pela Professora Elaine da Silveira Leite, o trabalho &#8220;<strong>Quem tem fio, tem ouro: o circuito econ\u00f4mico da d\u00edvida de usu\u00e1rios de crack na cidade de Pelotas, RS<\/strong>&#8220;, explorou a din\u00e2mica da \u201ccorreria\u201d dos usu\u00e1rios de crack, investigando sua rela\u00e7\u00e3o com a forma\u00e7\u00e3o de d\u00edvidas e seu impacto na perpetua\u00e7\u00e3o desses usu\u00e1rios na exclus\u00e3o social e viol\u00eancia urbana em Pelotas, RS.<\/p>\n<p>Arguiram o trabalho a Prof\u00aa Karina Gomes de Assis, da UFSCar, e o doutorando em Sociologia pela UFPel, Eduardo Pinheiro Urrutia.<\/p>\n","protected":false},"excerpt":{"rendered":"<p>O estudante Arleson Renato Luz Costa defendeu seu Trabalho de Conclus\u00e3o de Curso, no dia 07 de mar\u00e7o de 2024. Orientado pela Professora Elaine da Silveira Leite, o trabalho &#8220;Quem tem fio, tem ouro: o circuito econ\u00f4mico da d\u00edvida de usu\u00e1rios de crack na cidade de Pelotas, RS&#8220;, explorou a din\u00e2mica da \u201ccorreria\u201d dos usu\u00e1rios [&hellip;]<\/p>\n","protected":false},"author":1360,"featured_media":1490,"comment_status":"closed","ping_status":"closed","sticky":false,"template":"","format":"standard","meta":{"footnotes":""},"categories":[945],"tags":[],"class_list":["post-1488","post","type-post","status-publish","format-standard","has-post-thumbnail","hentry","category-tcc"],"jetpack_featured_media_url":"https:\/\/wp.ufpel.edu.br\/cienciassociais\/files\/2024\/03\/WhatsApp-Image-2024-03-08-at-09.11.52.jpeg","_links":{"self":[{"href":"https:\/\/wp.ufpel.edu.br\/cienciassociais\/wp-json\/wp\/v2\/posts\/1488","targetHints":{"allow":["GET"]}}],"collection":[{"href":"https:\/\/wp.ufpel.edu.br\/cienciassociais\/wp-json\/wp\/v2\/posts"}],"about":[{"href":"https:\/\/wp.ufpel.edu.br\/cienciassociais\/wp-json\/wp\/v2\/types\/post"}],"author":[{"embeddable":true,"href":"https:\/\/wp.ufpel.edu.br\/cienciassociais\/wp-json\/wp\/v2\/users\/1360"}],"replies":[{"embeddable":true,"href":"https:\/\/wp.ufpel.edu.br\/cienciassociais\/wp-json\/wp\/v2\/comments?post=1488"}],"version-history":[{"count":2,"href":"https:\/\/wp.ufpel.edu.br\/cienciassociais\/wp-json\/wp\/v2\/posts\/1488\/revisions"}],"predecessor-version":[{"id":1493,"href":"https:\/\/wp.ufpel.edu.br\/cienciassociais\/wp-json\/wp\/v2\/posts\/1488\/revisions\/1493"}],"wp:featuredmedia":[{"embeddable":true,"href":"https:\/\/wp.ufpel.edu.br\/cienciassociais\/wp-json\/wp\/v2\/media\/1490"}],"wp:attachment":[{"href":"https:\/\/wp.ufpel.edu.br\/cienciassociais\/wp-json\/wp\/v2\/media?parent=1488"}],"wp:term":[{"taxonomy":"category","embeddable":true,"href":"https:\/\/wp.ufpel.edu.br\/cienciassociais\/wp-json\/wp\/v2\/categories?post=1488"},{"taxonomy":"post_tag","embeddable":true,"href":"https:\/\/wp.ufpel.edu.br\/cienciassociais\/wp-json\/wp\/v2\/tags?post=1488"}],"curies":[{"name":"wp","href":"https:\/\/api.w.org\/{rel}","templated":true}]}}