{"id":1372,"date":"2023-10-25T17:51:35","date_gmt":"2023-10-25T20:51:35","guid":{"rendered":"https:\/\/wp.ufpel.edu.br\/cienciassociais\/?p=1372"},"modified":"2023-10-25T17:51:35","modified_gmt":"2023-10-25T20:51:35","slug":"nota-de-pesar-maria-helena-rodrigues-da-cunha","status":"publish","type":"post","link":"https:\/\/wp.ufpel.edu.br\/cienciassociais\/2023\/10\/25\/nota-de-pesar-maria-helena-rodrigues-da-cunha\/","title":{"rendered":"Nota de Pesar &#8211; Maria Helena Rodrigues da Cunha"},"content":{"rendered":"<p>A Coordena\u00e7\u00e3o do Curso de Ci\u00eancias Sociais informa, com tristeza e pesar, o falecimento de Maria Helena Rodrigues da Cunha, m\u00e3e da Professora Patr\u00edcia Chaves da Cunha.<br \/>\nNeste momento de luto, expressamos nossas sinceras condol\u00eancias \u00e0 querida colega e a toda a sua fam\u00edlia. A comunidade do Curso de Ci\u00eancias Sociais deseja for\u00e7a e coragem para o enfrentamento deste momento dif\u00edcil.<br \/>\nQue as lembran\u00e7as dos momentos compartilhados tragam o conforto poss\u00edvel.<br \/>\nCom os mais sinceros sentimentos,<\/p>\n<p>Colegiado do Curso de Ci\u00eancias Sociais<\/p>\n","protected":false},"excerpt":{"rendered":"<p>A Coordena\u00e7\u00e3o do Curso de Ci\u00eancias Sociais informa, com tristeza e pesar, o falecimento de Maria Helena Rodrigues da Cunha, m\u00e3e da Professora Patr\u00edcia Chaves da Cunha. Neste momento de luto, expressamos nossas sinceras condol\u00eancias \u00e0 querida colega e a toda a sua fam\u00edlia. A comunidade do Curso de Ci\u00eancias Sociais deseja for\u00e7a e coragem [&hellip;]<\/p>\n","protected":false},"author":1247,"featured_media":0,"comment_status":"closed","ping_status":"closed","sticky":false,"template":"","format":"standard","meta":{"footnotes":""},"categories":[4],"tags":[],"class_list":["post-1372","post","type-post","status-publish","format-standard","hentry","category-noticias"],"jetpack_featured_media_url":"","_links":{"self":[{"href":"https:\/\/wp.ufpel.edu.br\/cienciassociais\/wp-json\/wp\/v2\/posts\/1372","targetHints":{"allow":["GET"]}}],"collection":[{"href":"https:\/\/wp.ufpel.edu.br\/cienciassociais\/wp-json\/wp\/v2\/posts"}],"about":[{"href":"https:\/\/wp.ufpel.edu.br\/cienciassociais\/wp-json\/wp\/v2\/types\/post"}],"author":[{"embeddable":true,"href":"https:\/\/wp.ufpel.edu.br\/cienciassociais\/wp-json\/wp\/v2\/users\/1247"}],"replies":[{"embeddable":true,"href":"https:\/\/wp.ufpel.edu.br\/cienciassociais\/wp-json\/wp\/v2\/comments?post=1372"}],"version-history":[{"count":1,"href":"https:\/\/wp.ufpel.edu.br\/cienciassociais\/wp-json\/wp\/v2\/posts\/1372\/revisions"}],"predecessor-version":[{"id":1373,"href":"https:\/\/wp.ufpel.edu.br\/cienciassociais\/wp-json\/wp\/v2\/posts\/1372\/revisions\/1373"}],"wp:attachment":[{"href":"https:\/\/wp.ufpel.edu.br\/cienciassociais\/wp-json\/wp\/v2\/media?parent=1372"}],"wp:term":[{"taxonomy":"category","embeddable":true,"href":"https:\/\/wp.ufpel.edu.br\/cienciassociais\/wp-json\/wp\/v2\/categories?post=1372"},{"taxonomy":"post_tag","embeddable":true,"href":"https:\/\/wp.ufpel.edu.br\/cienciassociais\/wp-json\/wp\/v2\/tags?post=1372"}],"curies":[{"name":"wp","href":"https:\/\/api.w.org\/{rel}","templated":true}]}}