{"id":1201,"date":"2022-10-03T09:22:33","date_gmt":"2022-10-03T12:22:33","guid":{"rendered":"https:\/\/wp.ufpel.edu.br\/cienciassociais\/?p=1201"},"modified":"2022-10-03T09:22:33","modified_gmt":"2022-10-03T12:22:33","slug":"pibid-abre-edital","status":"publish","type":"post","link":"https:\/\/wp.ufpel.edu.br\/cienciassociais\/2022\/10\/03\/pibid-abre-edital\/","title":{"rendered":"PIBID ABRE EDITAL"},"content":{"rendered":"<p>Est\u00e3o abertas at\u00e9 o dia 10 de outubro as inscri\u00e7\u00f5es para sele\u00e7\u00e3o de novos integrantes (discentes) do Programa Institucional de Bolsas de Inicia\u00e7\u00e3o \u00e0 Doc\u00eancia PIBID\/UFPel. H\u00e1 vagas para L\u00edngua Inglesa e L\u00edngua Portuguesa.<\/p>\n<p>O PIBID \u00e9 uma iniciativa que integra a Pol\u00edtica Nacional de Forma\u00e7\u00e3o de Professores do Minist\u00e9rio da Educa\u00e7\u00e3o e tem por finalidade fomentar a inicia\u00e7\u00e3o \u00e0 doc\u00eancia, contribuindo para o aperfei\u00e7oamento da forma\u00e7\u00e3o de docentes em n\u00edvel superior e para a melhoria da qualidade da educa\u00e7\u00e3o b\u00e1sica p\u00fablica brasileira.<\/p>\n<p>Podem se inscrever alunos regularmente matriculados nas licenciaturas e que tenham no m\u00e1ximo 60% da carga hor\u00e1ria conclu\u00edda.<\/p>\n<p><strong><a href=\"https:\/\/wp.ufpel.edu.br\/pre\/files\/2022\/09\/SEI_23110.037315_2022_84-4.pdf\">Edital n\u00ba. 22\/2022 \u2013 PIBID\/UFPel<\/a><\/strong><\/p>\n","protected":false},"excerpt":{"rendered":"<p>Est\u00e3o abertas at\u00e9 o dia 10 de outubro as inscri\u00e7\u00f5es para sele\u00e7\u00e3o de novos integrantes (discentes) do Programa Institucional de Bolsas de Inicia\u00e7\u00e3o \u00e0 Doc\u00eancia PIBID\/UFPel. H\u00e1 vagas para L\u00edngua Inglesa e L\u00edngua Portuguesa. O PIBID \u00e9 uma iniciativa que integra a Pol\u00edtica Nacional de Forma\u00e7\u00e3o de Professores do Minist\u00e9rio da Educa\u00e7\u00e3o e tem por [&hellip;]<\/p>\n","protected":false},"author":56,"featured_media":0,"comment_status":"closed","ping_status":"closed","sticky":false,"template":"","format":"standard","meta":{"footnotes":""},"categories":[4],"tags":[],"class_list":["post-1201","post","type-post","status-publish","format-standard","hentry","category-noticias"],"jetpack_featured_media_url":"","_links":{"self":[{"href":"https:\/\/wp.ufpel.edu.br\/cienciassociais\/wp-json\/wp\/v2\/posts\/1201","targetHints":{"allow":["GET"]}}],"collection":[{"href":"https:\/\/wp.ufpel.edu.br\/cienciassociais\/wp-json\/wp\/v2\/posts"}],"about":[{"href":"https:\/\/wp.ufpel.edu.br\/cienciassociais\/wp-json\/wp\/v2\/types\/post"}],"author":[{"embeddable":true,"href":"https:\/\/wp.ufpel.edu.br\/cienciassociais\/wp-json\/wp\/v2\/users\/56"}],"replies":[{"embeddable":true,"href":"https:\/\/wp.ufpel.edu.br\/cienciassociais\/wp-json\/wp\/v2\/comments?post=1201"}],"version-history":[{"count":1,"href":"https:\/\/wp.ufpel.edu.br\/cienciassociais\/wp-json\/wp\/v2\/posts\/1201\/revisions"}],"predecessor-version":[{"id":1203,"href":"https:\/\/wp.ufpel.edu.br\/cienciassociais\/wp-json\/wp\/v2\/posts\/1201\/revisions\/1203"}],"wp:attachment":[{"href":"https:\/\/wp.ufpel.edu.br\/cienciassociais\/wp-json\/wp\/v2\/media?parent=1201"}],"wp:term":[{"taxonomy":"category","embeddable":true,"href":"https:\/\/wp.ufpel.edu.br\/cienciassociais\/wp-json\/wp\/v2\/categories?post=1201"},{"taxonomy":"post_tag","embeddable":true,"href":"https:\/\/wp.ufpel.edu.br\/cienciassociais\/wp-json\/wp\/v2\/tags?post=1201"}],"curies":[{"name":"wp","href":"https:\/\/api.w.org\/{rel}","templated":true}]}}