{"id":1053,"date":"2021-02-27T23:37:49","date_gmt":"2021-02-28T02:37:49","guid":{"rendered":"https:\/\/wp.ufpel.edu.br\/cienciassociais\/?p=1053"},"modified":"2021-02-27T23:37:49","modified_gmt":"2021-02-28T02:37:49","slug":"calendario-academico","status":"publish","type":"post","link":"https:\/\/wp.ufpel.edu.br\/cienciassociais\/2021\/02\/27\/calendario-academico\/","title":{"rendered":"Calend\u00e1rio Acad\u00eamico"},"content":{"rendered":"<p>Acesse o\u00a0 novo calend\u00e1rio acad\u00eamico para o ano 2021 da UFPel.<\/p>\n<p>Fique atento aos prazos e datas para eventos como matr\u00edcula, solicita\u00e7\u00e3o de quebra de pr\u00e9-requisito, corre\u00e7\u00e3o de matr\u00edcula, feriados e etc. https:\/\/wp.ufpel.edu.br\/cra\/calendario-academico-2021\/<\/p>\n<p>https:\/\/wp.ufpel.edu.br\/cra\/calendario-academico-2021\/<\/p>\n","protected":false},"excerpt":{"rendered":"<p>Acesse o\u00a0 novo calend\u00e1rio acad\u00eamico para o ano 2021 da UFPel. Fique atento aos prazos e datas para eventos como matr\u00edcula, solicita\u00e7\u00e3o de quebra de pr\u00e9-requisito, corre\u00e7\u00e3o de matr\u00edcula, feriados e etc. https:\/\/wp.ufpel.edu.br\/cra\/calendario-academico-2021\/ https:\/\/wp.ufpel.edu.br\/cra\/calendario-academico-2021\/<\/p>\n","protected":false},"author":56,"featured_media":0,"comment_status":"closed","ping_status":"closed","sticky":false,"template":"","format":"standard","meta":{"footnotes":""},"categories":[4],"tags":[],"class_list":["post-1053","post","type-post","status-publish","format-standard","hentry","category-noticias"],"jetpack_featured_media_url":"","_links":{"self":[{"href":"https:\/\/wp.ufpel.edu.br\/cienciassociais\/wp-json\/wp\/v2\/posts\/1053","targetHints":{"allow":["GET"]}}],"collection":[{"href":"https:\/\/wp.ufpel.edu.br\/cienciassociais\/wp-json\/wp\/v2\/posts"}],"about":[{"href":"https:\/\/wp.ufpel.edu.br\/cienciassociais\/wp-json\/wp\/v2\/types\/post"}],"author":[{"embeddable":true,"href":"https:\/\/wp.ufpel.edu.br\/cienciassociais\/wp-json\/wp\/v2\/users\/56"}],"replies":[{"embeddable":true,"href":"https:\/\/wp.ufpel.edu.br\/cienciassociais\/wp-json\/wp\/v2\/comments?post=1053"}],"version-history":[{"count":1,"href":"https:\/\/wp.ufpel.edu.br\/cienciassociais\/wp-json\/wp\/v2\/posts\/1053\/revisions"}],"predecessor-version":[{"id":1055,"href":"https:\/\/wp.ufpel.edu.br\/cienciassociais\/wp-json\/wp\/v2\/posts\/1053\/revisions\/1055"}],"wp:attachment":[{"href":"https:\/\/wp.ufpel.edu.br\/cienciassociais\/wp-json\/wp\/v2\/media?parent=1053"}],"wp:term":[{"taxonomy":"category","embeddable":true,"href":"https:\/\/wp.ufpel.edu.br\/cienciassociais\/wp-json\/wp\/v2\/categories?post=1053"},{"taxonomy":"post_tag","embeddable":true,"href":"https:\/\/wp.ufpel.edu.br\/cienciassociais\/wp-json\/wp\/v2\/tags?post=1053"}],"curies":[{"name":"wp","href":"https:\/\/api.w.org\/{rel}","templated":true}]}}