{"id":595,"date":"2018-08-29T08:20:47","date_gmt":"2018-08-29T11:20:47","guid":{"rendered":"https:\/\/wp.ufpel.edu.br\/cic\/?p=595"},"modified":"2019-07-04T11:41:23","modified_gmt":"2019-07-04T14:41:23","slug":"isencao-da-taxa-de-inscricao","status":"publish","type":"post","link":"https:\/\/wp.ufpel.edu.br\/cic\/2018\/08\/29\/isencao-da-taxa-de-inscricao\/","title":{"rendered":"Isen\u00e7\u00e3o da taxa de inscri\u00e7\u00e3o"},"content":{"rendered":"<p>As isen\u00e7\u00f5es ser\u00e3o concedidas apenas para alunos(as) da UFPel, benefici\u00e1rios(as) da PRAE, na modalidade <strong>apresentador(a) de trabalho<\/strong>.<\/p>\n<p>Alunos(as) inscritos(as) no Congresso de Inicia\u00e7\u00e3o Cient\u00edfica (CIC) devem apresentar o boleto de inscri\u00e7\u00e3o na secretaria da Pr\u00f3-Reitoria de Pesquisa, P\u00f3s-Gradua\u00e7\u00e3o e Inova\u00e7\u00e3o (PRPPGI) &#8211; Sala 409A do Campus Anglo, at\u00e9 as 17h do dia 11\/09\/2018.<\/p>\n","protected":false},"excerpt":{"rendered":"<p>As isen\u00e7\u00f5es ser\u00e3o concedidas apenas para alunos(as) da UFPel, benefici\u00e1rios(as) da PRAE, na modalidade apresentador(a) de trabalho. Alunos(as) inscritos(as) no Congresso de Inicia\u00e7\u00e3o Cient\u00edfica (CIC) devem apresentar o boleto de inscri\u00e7\u00e3o na secretaria da Pr\u00f3-Reitoria de Pesquisa, P\u00f3s-Gradua\u00e7\u00e3o e Inova\u00e7\u00e3o (PRPPGI) &#8211; Sala 409A do Campus Anglo, at\u00e9 as 17h do dia 11\/09\/2018.<\/p>\n","protected":false},"author":45,"featured_media":0,"comment_status":"closed","ping_status":"closed","sticky":false,"template":"","format":"standard","meta":{"jetpack_post_was_ever_published":false,"_jetpack_newsletter_access":"","_jetpack_dont_email_post_to_subs":false,"_jetpack_newsletter_tier_id":0,"_jetpack_memberships_contains_paywalled_content":false,"_jetpack_memberships_contains_paid_content":false,"footnotes":"","jetpack_publicize_message":"","jetpack_publicize_feature_enabled":true,"jetpack_social_post_already_shared":true,"jetpack_social_options":{"image_generator_settings":{"template":"highway","default_image_id":0,"font":"","enabled":false},"version":2},"_links_to":"","_links_to_target":""},"categories":[6,1],"tags":[],"class_list":["post-595","post","type-post","status-publish","format-standard","hentry","category-6","category-noticias"],"jetpack_publicize_connections":[],"jetpack_featured_media_url":"","jetpack_sharing_enabled":true,"_links":{"self":[{"href":"https:\/\/wp.ufpel.edu.br\/cic\/wp-json\/wp\/v2\/posts\/595","targetHints":{"allow":["GET"]}}],"collection":[{"href":"https:\/\/wp.ufpel.edu.br\/cic\/wp-json\/wp\/v2\/posts"}],"about":[{"href":"https:\/\/wp.ufpel.edu.br\/cic\/wp-json\/wp\/v2\/types\/post"}],"author":[{"embeddable":true,"href":"https:\/\/wp.ufpel.edu.br\/cic\/wp-json\/wp\/v2\/users\/45"}],"replies":[{"embeddable":true,"href":"https:\/\/wp.ufpel.edu.br\/cic\/wp-json\/wp\/v2\/comments?post=595"}],"version-history":[{"count":1,"href":"https:\/\/wp.ufpel.edu.br\/cic\/wp-json\/wp\/v2\/posts\/595\/revisions"}],"predecessor-version":[{"id":597,"href":"https:\/\/wp.ufpel.edu.br\/cic\/wp-json\/wp\/v2\/posts\/595\/revisions\/597"}],"wp:attachment":[{"href":"https:\/\/wp.ufpel.edu.br\/cic\/wp-json\/wp\/v2\/media?parent=595"}],"wp:term":[{"taxonomy":"category","embeddable":true,"href":"https:\/\/wp.ufpel.edu.br\/cic\/wp-json\/wp\/v2\/categories?post=595"},{"taxonomy":"post_tag","embeddable":true,"href":"https:\/\/wp.ufpel.edu.br\/cic\/wp-json\/wp\/v2\/tags?post=595"}],"curies":[{"name":"wp","href":"https:\/\/api.w.org\/{rel}","templated":true}]}}