{"id":110,"date":"2015-07-03T16:02:25","date_gmt":"2015-07-03T19:02:25","guid":{"rendered":"https:\/\/wp.ufpel.edu.br\/cic\/?p=110"},"modified":"2016-06-20T12:06:42","modified_gmt":"2016-06-20T15:06:42","slug":"inscricoes-prorrogadas-para-dia-2707","status":"publish","type":"post","link":"https:\/\/wp.ufpel.edu.br\/cic\/2015\/07\/03\/inscricoes-prorrogadas-para-dia-2707\/","title":{"rendered":"Inscri\u00e7\u00f5es e Pedidos de Isen\u00e7\u00e3o Prorrogados para dia 27\/07!"},"content":{"rendered":"<p>As inscri\u00e7\u00f5es para o CIC 2015 foram prorrogadas para o dia <strong>27\/07<\/strong>. Esta extens\u00e3o vale tanto para ouvintes quanto para apresentadores de trabalhos.<\/p>\n<p>O novo prazo foi definido atendendo a diversas solicita\u00e7\u00f5es de alunos e professores.<\/p>\n<p>O prazo para solicita\u00e7\u00e3o de isen\u00e7\u00f5es tamb\u00e9m foi prorrogado para o dia <strong>27\/07<\/strong>, conforme regra descrita <a href=\"https:\/\/wp.ufpel.edu.br\/cic\/2015\/07\/03\/como-solicitar-isencao\/\">aqui<\/a>.<\/p>\n","protected":false},"excerpt":{"rendered":"<p>As inscri\u00e7\u00f5es para o CIC 2015 foram prorrogadas para o dia 27\/07. Esta extens\u00e3o vale tanto para ouvintes quanto para apresentadores de trabalhos. O novo prazo foi definido atendendo a diversas solicita\u00e7\u00f5es de alunos e professores. O prazo para solicita\u00e7\u00e3o de isen\u00e7\u00f5es tamb\u00e9m foi prorrogado para o dia 27\/07, conforme regra descrita aqui.<\/p>\n","protected":false},"author":508,"featured_media":0,"comment_status":"closed","ping_status":"closed","sticky":false,"template":"","format":"standard","meta":{"jetpack_post_was_ever_published":false,"_jetpack_newsletter_access":"","_jetpack_dont_email_post_to_subs":false,"_jetpack_newsletter_tier_id":0,"_jetpack_memberships_contains_paywalled_content":false,"_jetpack_memberships_contains_paid_content":false,"footnotes":"","jetpack_publicize_message":"","jetpack_publicize_feature_enabled":true,"jetpack_social_post_already_shared":true,"jetpack_social_options":{"image_generator_settings":{"template":"highway","default_image_id":0,"font":"","enabled":false},"version":2},"_links_to":"","_links_to_target":""},"categories":[3,1],"tags":[],"class_list":["post-110","post","type-post","status-publish","format-standard","hentry","category-3","category-noticias"],"jetpack_publicize_connections":[],"jetpack_featured_media_url":"","jetpack_sharing_enabled":true,"_links":{"self":[{"href":"https:\/\/wp.ufpel.edu.br\/cic\/wp-json\/wp\/v2\/posts\/110","targetHints":{"allow":["GET"]}}],"collection":[{"href":"https:\/\/wp.ufpel.edu.br\/cic\/wp-json\/wp\/v2\/posts"}],"about":[{"href":"https:\/\/wp.ufpel.edu.br\/cic\/wp-json\/wp\/v2\/types\/post"}],"author":[{"embeddable":true,"href":"https:\/\/wp.ufpel.edu.br\/cic\/wp-json\/wp\/v2\/users\/508"}],"replies":[{"embeddable":true,"href":"https:\/\/wp.ufpel.edu.br\/cic\/wp-json\/wp\/v2\/comments?post=110"}],"version-history":[{"count":7,"href":"https:\/\/wp.ufpel.edu.br\/cic\/wp-json\/wp\/v2\/posts\/110\/revisions"}],"predecessor-version":[{"id":121,"href":"https:\/\/wp.ufpel.edu.br\/cic\/wp-json\/wp\/v2\/posts\/110\/revisions\/121"}],"wp:attachment":[{"href":"https:\/\/wp.ufpel.edu.br\/cic\/wp-json\/wp\/v2\/media?parent=110"}],"wp:term":[{"taxonomy":"category","embeddable":true,"href":"https:\/\/wp.ufpel.edu.br\/cic\/wp-json\/wp\/v2\/categories?post=110"},{"taxonomy":"post_tag","embeddable":true,"href":"https:\/\/wp.ufpel.edu.br\/cic\/wp-json\/wp\/v2\/tags?post=110"}],"curies":[{"name":"wp","href":"https:\/\/api.w.org\/{rel}","templated":true}]}}