{"id":164,"date":"2024-03-12T21:08:45","date_gmt":"2024-03-13T00:08:45","guid":{"rendered":"https:\/\/wp.ufpel.edu.br\/cetat\/?p=164"},"modified":"2024-03-12T22:06:08","modified_gmt":"2024-03-13T01:06:08","slug":"quem-somos-nos","status":"publish","type":"post","link":"https:\/\/wp.ufpel.edu.br\/cetat\/2024\/03\/12\/quem-somos-nos\/","title":{"rendered":"Quem somos n\u00f3s?"},"content":{"rendered":"<p><img loading=\"lazy\" decoding=\"async\" class=\"aligncenter wp-image-166 size-full\" src=\"https:\/\/wp.ufpel.edu.br\/cetat\/files\/2024\/03\/Imagem-do-WhatsApp-de-2023-02-28-as-21.21.39.jpg\" alt=\"\" width=\"1600\" height=\"1202\" srcset=\"https:\/\/wp.ufpel.edu.br\/cetat\/files\/2024\/03\/Imagem-do-WhatsApp-de-2023-02-28-as-21.21.39.jpg 1600w, https:\/\/wp.ufpel.edu.br\/cetat\/files\/2024\/03\/Imagem-do-WhatsApp-de-2023-02-28-as-21.21.39-400x301.jpg 400w, https:\/\/wp.ufpel.edu.br\/cetat\/files\/2024\/03\/Imagem-do-WhatsApp-de-2023-02-28-as-21.21.39-1024x769.jpg 1024w, https:\/\/wp.ufpel.edu.br\/cetat\/files\/2024\/03\/Imagem-do-WhatsApp-de-2023-02-28-as-21.21.39-768x577.jpg 768w, https:\/\/wp.ufpel.edu.br\/cetat\/files\/2024\/03\/Imagem-do-WhatsApp-de-2023-02-28-as-21.21.39-1536x1154.jpg 1536w\" sizes=\"auto, (max-width: 1600px) 100vw, 1600px\" \/><\/p>\n<p>&nbsp;<\/p>\n<p>Desde 2004, o Projeto est\u00e1 em funcionamento de forma ininterrupto completando seus 20 anos de atua\u00e7\u00e3o no ano de 2024. Inicialmente voltado para o atendimento cl\u00ednico de pacientes com traumas em dentes permanentes, com foco especial nos casos de avuls\u00e3o dent\u00e1ria, hoje \u00e9 uma refer\u00eancia para todos os tipos de traumatismos alveolodent\u00e1rios (TAD) na denti\u00e7\u00e3o permanente para a cidade de Pelotas e regi\u00e3o Sul. A ess\u00eancia do projeto tem como objetivo habilitar seus extensionistas na tr\u00edade de ensino, pesquisa e extens\u00e3o, instigando seus alunos a desenvolverem suas compet\u00eancias dentro dessas esferas da educa\u00e7\u00e3o continuada.<\/p>\n<p>No \u00e2mbito educacional, o projeto promove a capacita\u00e7\u00e3o por meio de atividades que estimulam a criticidade cient\u00edfica e a autenticidade. Isso \u00e9 feito atrav\u00e9s de debates acerca da literatura atual, apresenta\u00e7\u00e3o dos casos tratados durante o semestre, sess\u00f5es pr\u00e1ticas (hands-on) e palestras ministradas por profissionais renomados na \u00e1rea de traumatismos alveolodent\u00e1rios (TAD).<\/p>\n<p>No que diz respeito \u00e0 pesquisa, ao longo dos anos de atua\u00e7\u00e3o, o projeto tem se dedicado n\u00e3o apenas a publicar e aprofundar os principais questionamentos relacionados ao manejo e \u00e0 pr\u00e1tica cl\u00ednica, mas tamb\u00e9m a se engajar ativamente em quest\u00f5es humanit\u00e1rias, como as causas subjacentes aos traumas, incluindo a viol\u00eancia dom\u00e9stica. A relev\u00e2ncia das pesquisas desenvolvidas tem resultado n\u00e3o apenas em publica\u00e7\u00f5es em revistas de alto impacto, mas tamb\u00e9m em pr\u00eamios recebidos em congressos nacionais<\/p>\n<p>No \u00e2mbito da extens\u00e3o, o atendimento cl\u00ednico \u00e9 realizado semanalmente. Atualmente, o projeto conta com 26 alunos, que abrangem do 1\u00ba ao 10\u00ba semestre, distribu\u00eddos em diferentes fun\u00e7\u00f5es para desenvolver suas habilidades cl\u00ednicas e pessoais. Os alunos progridem gradualmente por est\u00e1gios de complexidade, come\u00e7ando por atividades administrativas, passando por tomadas radiogr\u00e1ficas e preenchimento de documentos, at\u00e9 alcan\u00e7ar a pr\u00e1tica cl\u00ednica, onde lidam diretamente com o tratamento de traumatismos. Para apoiar os extensionistas, contamos com a orienta\u00e7\u00e3o de professores de diversas \u00e1reas da Odontologia, com especial destaque para Cirurgia e Traumatologia Buco-Maxilo-Facial, Dent\u00edstica, Endodontia e Ortodontia. Essa diversidade de especialidades reflete a abordagem multidisciplinar do projeto, visando oferecer um processo educacional completo para os alunos, assim como, um atendimento integral ao paciente. Al\u00e9m disso, \u00e9 fundamental ressaltar o trabalho conjunto com t\u00e9cnicos em enfermagem, enfermeiros e assistentes sociais, que colaboram de forma integrada.<\/p>\n<p>Em conclus\u00e3o, \u00e9 importante ressaltar que o projeto realiza seus atendimentos inteiramente vinculado \u00e0 Universidade Federal de Pelotas e ao Sistema \u00danico de Sa\u00fade (SUS), o que reflete sua atua\u00e7\u00e3o totalmente gratuita atrav\u00e9s do SUS. Essa parceria demonstra o compromisso do projeto com a promo\u00e7\u00e3o da sa\u00fade bucal e o acesso universal aos servi\u00e7os odontol\u00f3gicos, beneficiando a comunidade e fortalecendo os la\u00e7os entre a universidade e a sociedade.<\/p>\n","protected":false},"excerpt":{"rendered":"<p>&nbsp; Desde 2004, o Projeto est\u00e1 em funcionamento de forma ininterrupto completando seus 20 anos de atua\u00e7\u00e3o no ano de 2024. Inicialmente voltado para o atendimento cl\u00ednico de pacientes com traumas em dentes permanentes, com foco especial nos casos de avuls\u00e3o dent\u00e1ria, hoje \u00e9 uma refer\u00eancia para todos os tipos de traumatismos alveolodent\u00e1rios (TAD) na [&hellip;]<\/p>\n","protected":false},"author":877,"featured_media":0,"comment_status":"closed","ping_status":"closed","sticky":false,"template":"","format":"standard","meta":{"_jetpack_memberships_contains_paid_content":false,"footnotes":""},"categories":[1],"tags":[],"class_list":["post-164","post","type-post","status-publish","format-standard","hentry","category-noticias"],"jetpack_featured_media_url":"","jetpack_sharing_enabled":true,"_links":{"self":[{"href":"https:\/\/wp.ufpel.edu.br\/cetat\/wp-json\/wp\/v2\/posts\/164","targetHints":{"allow":["GET"]}}],"collection":[{"href":"https:\/\/wp.ufpel.edu.br\/cetat\/wp-json\/wp\/v2\/posts"}],"about":[{"href":"https:\/\/wp.ufpel.edu.br\/cetat\/wp-json\/wp\/v2\/types\/post"}],"author":[{"embeddable":true,"href":"https:\/\/wp.ufpel.edu.br\/cetat\/wp-json\/wp\/v2\/users\/877"}],"replies":[{"embeddable":true,"href":"https:\/\/wp.ufpel.edu.br\/cetat\/wp-json\/wp\/v2\/comments?post=164"}],"version-history":[{"count":4,"href":"https:\/\/wp.ufpel.edu.br\/cetat\/wp-json\/wp\/v2\/posts\/164\/revisions"}],"predecessor-version":[{"id":193,"href":"https:\/\/wp.ufpel.edu.br\/cetat\/wp-json\/wp\/v2\/posts\/164\/revisions\/193"}],"wp:attachment":[{"href":"https:\/\/wp.ufpel.edu.br\/cetat\/wp-json\/wp\/v2\/media?parent=164"}],"wp:term":[{"taxonomy":"category","embeddable":true,"href":"https:\/\/wp.ufpel.edu.br\/cetat\/wp-json\/wp\/v2\/categories?post=164"},{"taxonomy":"post_tag","embeddable":true,"href":"https:\/\/wp.ufpel.edu.br\/cetat\/wp-json\/wp\/v2\/tags?post=164"}],"curies":[{"name":"wp","href":"https:\/\/api.w.org\/{rel}","templated":true}]}}