{"id":9927,"date":"2022-01-24T11:50:16","date_gmt":"2022-01-24T14:50:16","guid":{"rendered":"https:\/\/wp.ufpel.edu.br\/ceng\/?p=9927"},"modified":"2022-01-24T11:50:16","modified_gmt":"2022-01-24T14:50:16","slug":"inscricoes-para-formaturas-institucionais-vao-ate-dia-31","status":"publish","type":"post","link":"https:\/\/wp.ufpel.edu.br\/ceng\/inscricoes-para-formaturas-institucionais-vao-ate-dia-31\/","title":{"rendered":"Inscri\u00e7\u00f5es para Formaturas Institucionais v\u00e3o at\u00e9 dia 31"},"content":{"rendered":"<p><img src=\"http:\/\/ccs2.ufpel.edu.br\/wp\/wp-content\/uploads\/2022\/01\/Post-Formaturas-Publi-Edital-100-rev01-400x400.png\" \/><\/p>\n<p>A Pr\u00f3-Reitoria de Assuntos Estudantis divulgou, nesta quinta-feira (20), o edital voltado \u00e0s Formaturas Institucionais promovidas pela Universidade Federal de Pelotas. Nesse semestre, ocorrer\u00e1 al\u00e9m das cerim\u00f4nias de cola\u00e7\u00e3o de grau, atos simb\u00f3licos de formatura para os estudantes que foram graduados durante a pandemia de Covid-19.<\/p>\n<p>As formaturas ocorrer\u00e3o nos dias 24, 25 e 26 de mar\u00e7o, no Audit\u00f3rio Wilson de Oliveira, localizado na Faculdade de Agronomia Eliseu Maciel; ser\u00e3o tr\u00eas hor\u00e1rios por dia: 15h, 17h30min e 19h30min. Cada cerim\u00f4nia contar\u00e1 com um n\u00famero de formandos entre 50 e 60.<\/p>\n<p>As inscri\u00e7\u00f5es para participa\u00e7\u00e3o se estendem at\u00e9 o dia 31 de janeiro; elas est\u00e3o sendo realizadas por meio de formul\u00e1rio online, cujo link se encontra no edital.<\/p>\n<p><a href=\"https:\/\/wp.ufpel.edu.br\/prae\/coordenacao-de-politicas-estudantis\/formatura-institucional\/2022-2\/\">Mais informa\u00e7\u00f5es, como o edital, podem ser encontradas neste link.<\/a><\/p>\n<p><a href=\"https:\/\/ccs2.ufpel.edu.br\/wp\/2022\/01\/21\/inscricoes-para-formaturas-institucionais-vao-ate-dia-31\/\">Fonte: CCS<\/a><\/p>\n","protected":false},"excerpt":{"rendered":"<p>A Pr\u00f3-Reitoria de Assuntos Estudantis divulgou, nesta quinta-feira (20), o edital voltado \u00e0s Formaturas Institucionais promovidas pela Universidade Federal de Pelotas. Nesse semestre, ocorrer\u00e1 al\u00e9m das cerim\u00f4nias de cola\u00e7\u00e3o de grau, atos simb\u00f3licos de formatura para os estudantes que foram graduados durante a pandemia de Covid-19. As formaturas ocorrer\u00e3o nos dias 24, 25 e 26 [&hellip;]<\/p>\n","protected":false},"author":67,"featured_media":0,"comment_status":"closed","ping_status":"closed","sticky":false,"template":"","format":"standard","meta":{"footnotes":""},"categories":[1],"tags":[],"class_list":["post-9927","post","type-post","status-publish","format-standard","hentry","category-ultimos-posts"],"jetpack_featured_media_url":"","publishpress_future_action":{"enabled":false,"date":"2026-05-07 05:27:50","action":"change-status","newStatus":"draft","terms":[],"taxonomy":"category","extraData":[]},"publishpress_future_workflow_manual_trigger":{"enabledWorkflows":[]},"_links":{"self":[{"href":"https:\/\/wp.ufpel.edu.br\/ceng\/wp-json\/wp\/v2\/posts\/9927","targetHints":{"allow":["GET"]}}],"collection":[{"href":"https:\/\/wp.ufpel.edu.br\/ceng\/wp-json\/wp\/v2\/posts"}],"about":[{"href":"https:\/\/wp.ufpel.edu.br\/ceng\/wp-json\/wp\/v2\/types\/post"}],"author":[{"embeddable":true,"href":"https:\/\/wp.ufpel.edu.br\/ceng\/wp-json\/wp\/v2\/users\/67"}],"replies":[{"embeddable":true,"href":"https:\/\/wp.ufpel.edu.br\/ceng\/wp-json\/wp\/v2\/comments?post=9927"}],"version-history":[{"count":1,"href":"https:\/\/wp.ufpel.edu.br\/ceng\/wp-json\/wp\/v2\/posts\/9927\/revisions"}],"predecessor-version":[{"id":9929,"href":"https:\/\/wp.ufpel.edu.br\/ceng\/wp-json\/wp\/v2\/posts\/9927\/revisions\/9929"}],"wp:attachment":[{"href":"https:\/\/wp.ufpel.edu.br\/ceng\/wp-json\/wp\/v2\/media?parent=9927"}],"wp:term":[{"taxonomy":"category","embeddable":true,"href":"https:\/\/wp.ufpel.edu.br\/ceng\/wp-json\/wp\/v2\/categories?post=9927"},{"taxonomy":"post_tag","embeddable":true,"href":"https:\/\/wp.ufpel.edu.br\/ceng\/wp-json\/wp\/v2\/tags?post=9927"}],"curies":[{"name":"wp","href":"https:\/\/api.w.org\/{rel}","templated":true}]}}