{"id":957,"date":"2016-04-01T09:32:49","date_gmt":"2016-04-01T12:32:49","guid":{"rendered":"https:\/\/wp.ufpel.edu.br\/ceng\/?p=957"},"modified":"2016-10-04T16:54:32","modified_gmt":"2016-10-04T19:54:32","slug":"projeto-gama-divulga-selecionados-para-atividades-de-reforco-em-calculo-modulo-i-funcoes","status":"publish","type":"post","link":"https:\/\/wp.ufpel.edu.br\/ceng\/projeto-gama-divulga-selecionados-para-atividades-de-reforco-em-calculo-modulo-i-funcoes\/","title":{"rendered":"Projeto GAMA divulga selecionados para Atividades de Refor\u00e7o em C\u00e1lculo &#8211; M\u00f3dulo I &#8211; Fun\u00e7\u00f5es."},"content":{"rendered":"<p>O Projeto GAMA: Grupo de Apoio em Matem\u00e1tica, mantido em parceria pelo Instituto de F\u00edsica e Matem\u00e1tica (IFM) e Pr\u00f3-reitoria de Gradua\u00e7\u00e3o (PRG) divulga a rela\u00e7\u00e3o de acad\u00eamicos selecionados para as atividades de refor\u00e7o em C\u00e1lculo.<\/p>\n<p>Esta a\u00e7\u00e3o do projeto, que ocorre em parceria com a PRAE &#8211; Pr\u00f3-reitoria de Assuntos Estudantis, visa revisar os conte\u00fados de fun\u00e7\u00f5es reais de uma vari\u00e1vel real.<\/p>\n<p>As aulas ocorrer\u00e3o no pr\u00e9dio da PRAE (Av. Bento Gon\u00e7alves, 3395 \u2013 sala: 09) e 40% das vagas ser\u00e3o reservadas para alunos em situa\u00e7\u00e3o de vulnerabilidade social.<\/p>\n<p>Os acad\u00eamicos contemplados com as vagas receber\u00e3o um email com mais informa\u00e7\u00f5es.<\/p>\n<p>Ao longo do semestre letivo, devem ser oferecidos mais dois m\u00f3dulos, sendo um de limites e um de derivadas de fun\u00e7\u00f5es reais de uma vari\u00e1vel real.<\/p>\n<p>Maiores informa\u00e7\u00f5es na p\u00e1gina do Projeto GAMA: https:\/\/wp.ufpel.edu.br\/projetogama\/<\/p>\n<p>O projeto GAMA, chamado inicialmente de Projeto T\u00f3picos de Matem\u00e1tica Elementar: Matem\u00e1tica B\u00e1sica \u2013 Inicia\u00e7\u00e3o ao C\u00e1lculo (TME) existe desde 2010, tendo como principal objetivo refor\u00e7ar conceitos em matem\u00e1tica de ensino b\u00e1sico e superior, atrav\u00e9s de Cursos Preparat\u00f3rios para o C\u00e1lculo, atividades de refor\u00e7o e de monitoria ao longo do semestre letivo. Com estas a\u00e7\u00f5es, pretende-se melhorar a aprendizagem de matem\u00e1tica nos cursos superiores da UFPel e, consequentemente, diminuir os \u00edndices de reprova\u00e7\u00e3o e evas\u00e3o dos alunos participantes nas disciplinas iniciais de matem\u00e1tica. O projeto conta atualmente com 20 bolsistas de v\u00e1rios cursos da UFPel.<\/p>\n","protected":false},"excerpt":{"rendered":"<p>O Projeto GAMA: Grupo de Apoio em Matem\u00e1tica, mantido em parceria pelo Instituto de F\u00edsica e Matem\u00e1tica (IFM) e Pr\u00f3-reitoria de Gradua\u00e7\u00e3o (PRG) divulga a rela\u00e7\u00e3o de acad\u00eamicos selecionados para as atividades de refor\u00e7o em C\u00e1lculo. Esta a\u00e7\u00e3o do projeto, que ocorre em parceria com a PRAE &#8211; Pr\u00f3-reitoria de Assuntos Estudantis, visa revisar os [&hellip;]<\/p>\n","protected":false},"author":67,"featured_media":0,"comment_status":"closed","ping_status":"closed","sticky":false,"template":"","format":"standard","meta":{"footnotes":""},"categories":[1],"tags":[48784],"class_list":["post-957","post","type-post","status-publish","format-standard","hentry","category-ultimos-posts","tag-projeto-gama"],"jetpack_featured_media_url":"","publishpress_future_action":{"enabled":false,"date":"2026-05-04 23:27:04","action":"change-status","newStatus":"draft","terms":[],"taxonomy":"category","extraData":[]},"publishpress_future_workflow_manual_trigger":{"enabledWorkflows":[]},"_links":{"self":[{"href":"https:\/\/wp.ufpel.edu.br\/ceng\/wp-json\/wp\/v2\/posts\/957","targetHints":{"allow":["GET"]}}],"collection":[{"href":"https:\/\/wp.ufpel.edu.br\/ceng\/wp-json\/wp\/v2\/posts"}],"about":[{"href":"https:\/\/wp.ufpel.edu.br\/ceng\/wp-json\/wp\/v2\/types\/post"}],"author":[{"embeddable":true,"href":"https:\/\/wp.ufpel.edu.br\/ceng\/wp-json\/wp\/v2\/users\/67"}],"replies":[{"embeddable":true,"href":"https:\/\/wp.ufpel.edu.br\/ceng\/wp-json\/wp\/v2\/comments?post=957"}],"version-history":[{"count":2,"href":"https:\/\/wp.ufpel.edu.br\/ceng\/wp-json\/wp\/v2\/posts\/957\/revisions"}],"predecessor-version":[{"id":1481,"href":"https:\/\/wp.ufpel.edu.br\/ceng\/wp-json\/wp\/v2\/posts\/957\/revisions\/1481"}],"wp:attachment":[{"href":"https:\/\/wp.ufpel.edu.br\/ceng\/wp-json\/wp\/v2\/media?parent=957"}],"wp:term":[{"taxonomy":"category","embeddable":true,"href":"https:\/\/wp.ufpel.edu.br\/ceng\/wp-json\/wp\/v2\/categories?post=957"},{"taxonomy":"post_tag","embeddable":true,"href":"https:\/\/wp.ufpel.edu.br\/ceng\/wp-json\/wp\/v2\/tags?post=957"}],"curies":[{"name":"wp","href":"https:\/\/api.w.org\/{rel}","templated":true}]}}