{"id":9336,"date":"2021-02-17T13:18:46","date_gmt":"2021-02-17T16:18:46","guid":{"rendered":"https:\/\/wp.ufpel.edu.br\/ceng\/?p=9336"},"modified":"2021-02-17T13:29:45","modified_gmt":"2021-02-17T16:29:45","slug":"ufpel-disponibiliza-higienizador-eco-maos-em-projeto-para-atendimento-de-pessoas-em-vulnerabilidade-social-realizado-com-o-coletivo-parceiros-na-caridade","status":"publish","type":"post","link":"https:\/\/wp.ufpel.edu.br\/ceng\/ufpel-disponibiliza-higienizador-eco-maos-em-projeto-para-atendimento-de-pessoas-em-vulnerabilidade-social-realizado-com-o-coletivo-parceiros-na-caridade\/","title":{"rendered":"UFPel disponibiliza Higienizador Eco-M\u00e3os em projeto para atendimento de pessoas em vulnerabilidade social realizado com o coletivo Parceiros na Caridade"},"content":{"rendered":"<p>A universidade Federal de Pelotas realizou uma parceria com o coletivo Parceiros na Caridade que tem como objetivo principal ajudar as pessoas em situa\u00e7\u00e3o de vulnerabilidade social por meio de refei\u00e7\u00f5es servidas aos domingos na Pra\u00e7a Dom Ant\u00f4nio Z\u00e1ttera ao meio dia. Para tal, foi disponibilizado um sistema de higieniza\u00e7\u00e3o port\u00e1til autom\u00e1tico com grande autonomia para a higieniza\u00e7\u00e3o de m\u00e3os o qual foi desenvolvido por alunos, t\u00e9cnicos e professores do Centro de Engenharias (CENG) da UFPel. O sistema m\u00f3vel foi montado para o uso a partir do \u00faltimo domingo 14 de fevereiro com repercuss\u00e3o positiva na comunidade da nossa cidade. Tal colabora\u00e7\u00e3o foi poss\u00edvel gra\u00e7as ao desejo da universidade ao estar sempre atenta \u00e0s necessidades da comunidade onde est\u00e1 inserida. Os \u201cParceiros na Caridade\u201d coletivo idealizado pelo Prof. Me. Horacio Severi em conjunto com a gest\u00e3o da reitora da UFPel Prof. Dra. Isabela Fernandes Andrade, o Pr\u00f3-reitor de Extens\u00e3o e Cultura Prof. Dr. Eraldo dos Santos Pinheiro e o coordenador do projeto de extens\u00e3o \u201cEco-maos\u201d Prof. Dr. Elmer Alexis Gamboa Pe\u00f1aloza.<\/p>\n<p>O projeto do desenvolvimento destes sistemas de higieniza\u00e7\u00e3o nasce do interesse de um grupo de alunos discentes, egressos, t\u00e9cnicos e professores de gerar solu\u00e7\u00f5es pr\u00e1ticas que ajudem \u00e0s comunidades na mitiga\u00e7\u00e3o de doen\u00e7as atrav\u00e9s do uso de mecanismos de higieniza\u00e7\u00e3o autom\u00e1ticos que estejam dispon\u00edveis em locais chaves de alto fluxo de pessoas e que atrav\u00e9s de componentes did\u00e1ticos possam ensinar os passos corretos de higieniza\u00e7\u00e3o, e assim disseminar este ensinamento nas nossas comunidades. A id\u00e9ia das pias port\u00e1teis surge das orienta\u00e7\u00f5es de um primeiro prot\u00f3tipo existente na Universidade Federal de Rio Grande (FURG).<\/p>\n<p>Os higienizadores (ECO-MAOS) desenvolvidos pelo Centro de Engenharias da UFPel contam com um alto padr\u00e3o de tecnologia e autonomia. Estes sistemas autom\u00e1ticos t\u00eam como principal objetivo realizar a\u00e7\u00f5es para preven\u00e7\u00e3o de doen\u00e7as que podem ser espalhadas pela falta de higieniza\u00e7\u00e3o de m\u00e3os adequada. Portanto, os prot\u00f3tipos de pia port\u00e1teis foram desenvolvidos considerando as recomenda\u00e7\u00f5es sobre os adequados procedimentos e passos para a correta lavagem de m\u00e3os.<\/p>\n<p>&nbsp;<\/p>\n<p>Para mais informa\u00e7\u00f5es sobre o coletivo Parceiros na Caridade: (53) 98119-5891 ou pelas redes sociais. @parceirosnacaridade<\/p>\n<p><a href=\"https:\/\/wp.ufpel.edu.br\/ceng\/files\/2021\/02\/Imagem3.png\"><img class=\"aligncenter size-large wp-image-9341\" src=\"https:\/\/wp.ufpel.edu.br\/ceng\/files\/2021\/02\/Imagem3-473x1024.png\" alt=\"\" width=\"473\" height=\"1024\" srcset=\"https:\/\/wp.ufpel.edu.br\/ceng\/files\/2021\/02\/Imagem3-473x1024.png 473w, https:\/\/wp.ufpel.edu.br\/ceng\/files\/2021\/02\/Imagem3-185x400.png 185w, https:\/\/wp.ufpel.edu.br\/ceng\/files\/2021\/02\/Imagem3.png 532w\" sizes=\"(max-width: 473px) 100vw, 473px\" \/><\/a> <a href=\"https:\/\/wp.ufpel.edu.br\/ceng\/files\/2021\/02\/Imagem2.png\"><img class=\"aligncenter size-large wp-image-9342\" src=\"https:\/\/wp.ufpel.edu.br\/ceng\/files\/2021\/02\/Imagem2-472x1024.png\" alt=\"\" width=\"472\" height=\"1024\" srcset=\"https:\/\/wp.ufpel.edu.br\/ceng\/files\/2021\/02\/Imagem2-472x1024.png 472w, https:\/\/wp.ufpel.edu.br\/ceng\/files\/2021\/02\/Imagem2-184x400.png 184w, https:\/\/wp.ufpel.edu.br\/ceng\/files\/2021\/02\/Imagem2.png 590w\" sizes=\"(max-width: 472px) 100vw, 472px\" \/><\/a> <a href=\"https:\/\/wp.ufpel.edu.br\/ceng\/files\/2021\/02\/Imagem1.png\"><img class=\"aligncenter size-large wp-image-9343\" src=\"https:\/\/wp.ufpel.edu.br\/ceng\/files\/2021\/02\/Imagem1-1024x768.png\" alt=\"\" width=\"1024\" height=\"768\" srcset=\"https:\/\/wp.ufpel.edu.br\/ceng\/files\/2021\/02\/Imagem1-1024x768.png 1024w, https:\/\/wp.ufpel.edu.br\/ceng\/files\/2021\/02\/Imagem1-400x300.png 400w, https:\/\/wp.ufpel.edu.br\/ceng\/files\/2021\/02\/Imagem1-768x576.png 768w, https:\/\/wp.ufpel.edu.br\/ceng\/files\/2021\/02\/Imagem1.png 1280w\" sizes=\"(max-width: 1024px) 100vw, 1024px\" \/><\/a><\/p>\n","protected":false},"excerpt":{"rendered":"<p>A universidade Federal de Pelotas realizou uma parceria com o coletivo Parceiros na Caridade que tem como objetivo principal ajudar as pessoas em situa\u00e7\u00e3o de vulnerabilidade social por meio de refei\u00e7\u00f5es servidas aos domingos na Pra\u00e7a Dom Ant\u00f4nio Z\u00e1ttera ao meio dia. Para tal, foi disponibilizado um sistema de higieniza\u00e7\u00e3o port\u00e1til autom\u00e1tico com grande autonomia [&hellip;]<\/p>\n","protected":false},"author":67,"featured_media":0,"comment_status":"closed","ping_status":"closed","sticky":false,"template":"","format":"standard","meta":{"footnotes":""},"categories":[1],"tags":[],"class_list":["post-9336","post","type-post","status-publish","format-standard","hentry","category-ultimos-posts"],"jetpack_featured_media_url":"","publishpress_future_action":{"enabled":false,"date":"2026-05-07 09:17:33","action":"change-status","newStatus":"draft","terms":[],"taxonomy":"category","extraData":[]},"publishpress_future_workflow_manual_trigger":{"enabledWorkflows":[]},"_links":{"self":[{"href":"https:\/\/wp.ufpel.edu.br\/ceng\/wp-json\/wp\/v2\/posts\/9336","targetHints":{"allow":["GET"]}}],"collection":[{"href":"https:\/\/wp.ufpel.edu.br\/ceng\/wp-json\/wp\/v2\/posts"}],"about":[{"href":"https:\/\/wp.ufpel.edu.br\/ceng\/wp-json\/wp\/v2\/types\/post"}],"author":[{"embeddable":true,"href":"https:\/\/wp.ufpel.edu.br\/ceng\/wp-json\/wp\/v2\/users\/67"}],"replies":[{"embeddable":true,"href":"https:\/\/wp.ufpel.edu.br\/ceng\/wp-json\/wp\/v2\/comments?post=9336"}],"version-history":[{"count":2,"href":"https:\/\/wp.ufpel.edu.br\/ceng\/wp-json\/wp\/v2\/posts\/9336\/revisions"}],"predecessor-version":[{"id":9344,"href":"https:\/\/wp.ufpel.edu.br\/ceng\/wp-json\/wp\/v2\/posts\/9336\/revisions\/9344"}],"wp:attachment":[{"href":"https:\/\/wp.ufpel.edu.br\/ceng\/wp-json\/wp\/v2\/media?parent=9336"}],"wp:term":[{"taxonomy":"category","embeddable":true,"href":"https:\/\/wp.ufpel.edu.br\/ceng\/wp-json\/wp\/v2\/categories?post=9336"},{"taxonomy":"post_tag","embeddable":true,"href":"https:\/\/wp.ufpel.edu.br\/ceng\/wp-json\/wp\/v2\/tags?post=9336"}],"curies":[{"name":"wp","href":"https:\/\/api.w.org\/{rel}","templated":true}]}}