{"id":9324,"date":"2021-02-03T14:12:31","date_gmt":"2021-02-03T17:12:31","guid":{"rendered":"https:\/\/wp.ufpel.edu.br\/ceng\/?p=9324"},"modified":"2021-02-03T14:12:31","modified_gmt":"2021-02-03T17:12:31","slug":"apresentacao-de-trabalho-na-conferencia-internacional-the-15th-ieee-international-conference-on-semantic-computing","status":"publish","type":"post","link":"https:\/\/wp.ufpel.edu.br\/ceng\/apresentacao-de-trabalho-na-conferencia-internacional-the-15th-ieee-international-conference-on-semantic-computing\/","title":{"rendered":"Apresenta\u00e7\u00e3o de trabalho na confer\u00eancia internacional The 15th IEEE International Conference on Semantic Computing"},"content":{"rendered":"<div><span style=\"font-family: georgia, palatino, serif;font-size: 12pt\">Entre os dias 27 e 29 de janeiro de 2021, ocorreu a confer\u00eancia<span style=\"color: #000000\"> internacional,organizada pela IEEE (Institute of Electrical and Electronic Engineers): &#8220;The 15th IEEE International Conference on Semantic Computing&#8221;. Neste congresso, foi apresentado um trabalho de pesquisa desenvolvido pelo Grupo de Sistemas Inteligentes e Controle (GSIC) do curso de Controle e Automa\u00e7\u00e3o. O trabalho foi desenvolvido pelos alunos <\/span><span style=\"color: #000000\">Yan C. Alegre e <\/span><span style=\"color: #000000\">Tailon A. Podewils, e<\/span><span style=\"color: #000000\"> orientado pelos docentes E<\/span><span style=\"color: #000000\">lmer A. G. Pe\u00f1aloza, <\/span><span style=\"color: #000000\">Sigmar de Lima e <\/span><span style=\"color: #000000\">Luciano A. Leston. O trabalho intitulado <\/span>&#8220;<i>Characterization of Physical Parameters of an Agricultural Electric Vehicle based on the Dynamic Analysis in a Simulated Environment&#8221; <\/i>foi apresentado na confer\u00eancia, de forma virtual.<\/span><\/div>\n<div><a href=\"https:\/\/wp.ufpel.edu.br\/ceng\/files\/2021\/02\/COngress_SKNE.png\"><img class=\"aligncenter size-large wp-image-9328\" src=\"https:\/\/wp.ufpel.edu.br\/ceng\/files\/2021\/02\/COngress_SKNE-1024x576.png\" alt=\"\" width=\"1024\" height=\"576\" srcset=\"https:\/\/wp.ufpel.edu.br\/ceng\/files\/2021\/02\/COngress_SKNE-1024x576.png 1024w, https:\/\/wp.ufpel.edu.br\/ceng\/files\/2021\/02\/COngress_SKNE-400x225.png 400w, https:\/\/wp.ufpel.edu.br\/ceng\/files\/2021\/02\/COngress_SKNE-768x432.png 768w, https:\/\/wp.ufpel.edu.br\/ceng\/files\/2021\/02\/COngress_SKNE.png 1366w\" sizes=\"(max-width: 1024px) 100vw, 1024px\" \/><\/a><\/div>\n<div><\/div>\n<div>Parab\u00e9ns ao grupo!<\/div>\n<div><a href=\"https:\/\/wp.ufpel.edu.br\/ceng\/files\/2021\/02\/SCKn_YAN.png\"><img class=\"aligncenter size-large wp-image-9326\" src=\"https:\/\/wp.ufpel.edu.br\/ceng\/files\/2021\/02\/SCKn_YAN-1024x576.png\" alt=\"\" width=\"1024\" height=\"576\" srcset=\"https:\/\/wp.ufpel.edu.br\/ceng\/files\/2021\/02\/SCKn_YAN-1024x576.png 1024w, https:\/\/wp.ufpel.edu.br\/ceng\/files\/2021\/02\/SCKn_YAN-400x225.png 400w, https:\/\/wp.ufpel.edu.br\/ceng\/files\/2021\/02\/SCKn_YAN-768x432.png 768w, https:\/\/wp.ufpel.edu.br\/ceng\/files\/2021\/02\/SCKn_YAN.png 1366w\" sizes=\"(max-width: 1024px) 100vw, 1024px\" \/><\/a> <a href=\"https:\/\/wp.ufpel.edu.br\/ceng\/files\/2021\/02\/Yan_4.png\"><img class=\"aligncenter size-large wp-image-9327\" src=\"https:\/\/wp.ufpel.edu.br\/ceng\/files\/2021\/02\/Yan_4-1024x576.png\" alt=\"\" width=\"1024\" height=\"576\" srcset=\"https:\/\/wp.ufpel.edu.br\/ceng\/files\/2021\/02\/Yan_4-1024x576.png 1024w, https:\/\/wp.ufpel.edu.br\/ceng\/files\/2021\/02\/Yan_4-400x225.png 400w, https:\/\/wp.ufpel.edu.br\/ceng\/files\/2021\/02\/Yan_4-768x432.png 768w, https:\/\/wp.ufpel.edu.br\/ceng\/files\/2021\/02\/Yan_4.png 1366w\" sizes=\"(max-width: 1024px) 100vw, 1024px\" \/><\/a><\/div>\n","protected":false},"excerpt":{"rendered":"<p>Entre os dias 27 e 29 de janeiro de 2021, ocorreu a confer\u00eancia internacional,organizada pela IEEE (Institute of Electrical and Electronic Engineers): &#8220;The 15th IEEE International Conference on Semantic Computing&#8221;. Neste congresso, foi apresentado um trabalho de pesquisa desenvolvido pelo Grupo de Sistemas Inteligentes e Controle (GSIC) do curso de Controle e Automa\u00e7\u00e3o. O trabalho [&hellip;]<\/p>\n","protected":false},"author":67,"featured_media":0,"comment_status":"closed","ping_status":"closed","sticky":false,"template":"","format":"standard","meta":{"footnotes":""},"categories":[1],"tags":[],"class_list":["post-9324","post","type-post","status-publish","format-standard","hentry","category-ultimos-posts"],"jetpack_featured_media_url":"","publishpress_future_action":{"enabled":false,"date":"2026-05-07 09:18:27","action":"change-status","newStatus":"draft","terms":[],"taxonomy":"category","extraData":[]},"publishpress_future_workflow_manual_trigger":{"enabledWorkflows":[]},"_links":{"self":[{"href":"https:\/\/wp.ufpel.edu.br\/ceng\/wp-json\/wp\/v2\/posts\/9324","targetHints":{"allow":["GET"]}}],"collection":[{"href":"https:\/\/wp.ufpel.edu.br\/ceng\/wp-json\/wp\/v2\/posts"}],"about":[{"href":"https:\/\/wp.ufpel.edu.br\/ceng\/wp-json\/wp\/v2\/types\/post"}],"author":[{"embeddable":true,"href":"https:\/\/wp.ufpel.edu.br\/ceng\/wp-json\/wp\/v2\/users\/67"}],"replies":[{"embeddable":true,"href":"https:\/\/wp.ufpel.edu.br\/ceng\/wp-json\/wp\/v2\/comments?post=9324"}],"version-history":[{"count":1,"href":"https:\/\/wp.ufpel.edu.br\/ceng\/wp-json\/wp\/v2\/posts\/9324\/revisions"}],"predecessor-version":[{"id":9329,"href":"https:\/\/wp.ufpel.edu.br\/ceng\/wp-json\/wp\/v2\/posts\/9324\/revisions\/9329"}],"wp:attachment":[{"href":"https:\/\/wp.ufpel.edu.br\/ceng\/wp-json\/wp\/v2\/media?parent=9324"}],"wp:term":[{"taxonomy":"category","embeddable":true,"href":"https:\/\/wp.ufpel.edu.br\/ceng\/wp-json\/wp\/v2\/categories?post=9324"},{"taxonomy":"post_tag","embeddable":true,"href":"https:\/\/wp.ufpel.edu.br\/ceng\/wp-json\/wp\/v2\/tags?post=9324"}],"curies":[{"name":"wp","href":"https:\/\/api.w.org\/{rel}","templated":true}]}}