{"id":9192,"date":"2020-12-02T12:50:41","date_gmt":"2020-12-02T15:50:41","guid":{"rendered":"https:\/\/wp.ufpel.edu.br\/ceng\/?p=9192"},"modified":"2020-12-02T12:50:41","modified_gmt":"2020-12-02T15:50:41","slug":"convite-para-palestra-projeto-de-sistemas-de-aeronaves-civis","status":"publish","type":"post","link":"https:\/\/wp.ufpel.edu.br\/ceng\/convite-para-palestra-projeto-de-sistemas-de-aeronaves-civis\/","title":{"rendered":"Convite para palestra: Projeto de Sistemas de Aeronaves Civis"},"content":{"rendered":"<p>Os Projetos do Ensino, Pesquisa e Extens\u00e3o, Estrutura\u00e7\u00e3o do Laborat\u00f3rio de Automa\u00e7\u00e3o Industrial e o Grupo de Estudo ProEDAI, convida toda a comunidade do Centro de Engenharias para na pr\u00f3xima sexta feira dia 04\/12 \u00a0as 17:00, pelo Canal do CENG no YouTube, participar da palestra: Projeto de Sistemas de Aeronaves Civis.<br \/>\nNesta palestra teremos como convidado e palestrante o Eng. Mec\u00e2nico Alvino Silva, ele \u00e9 mestre em Engenharia Mec\u00e2nica pela UFSC e possui mais de 15 anos de experi\u00eancia na ind\u00fastria de Aeronaves.<\/p>\n<p>Contamos com a presen\u00e7a de todos.<\/p>\n<p>Link para a palestra: <a href=\"https:\/\/www.youtube.com\/watch?v=uj9ypyZqjM4\">https:\/\/www.youtube.com\/watch?v=uj9ypyZqjM4<\/a><\/p>\n<p><a href=\"https:\/\/wp.ufpel.edu.br\/ceng\/files\/2020\/12\/Cartaz-Palestra-Projeto-de-aeronaves-.png\"><img class=\"aligncenter size-full wp-image-9194\" src=\"https:\/\/wp.ufpel.edu.br\/ceng\/files\/2020\/12\/Cartaz-Palestra-Projeto-de-aeronaves-.png\" alt=\"\" width=\"940\" height=\"788\" srcset=\"https:\/\/wp.ufpel.edu.br\/ceng\/files\/2020\/12\/Cartaz-Palestra-Projeto-de-aeronaves-.png 940w, https:\/\/wp.ufpel.edu.br\/ceng\/files\/2020\/12\/Cartaz-Palestra-Projeto-de-aeronaves--400x335.png 400w, https:\/\/wp.ufpel.edu.br\/ceng\/files\/2020\/12\/Cartaz-Palestra-Projeto-de-aeronaves--768x644.png 768w\" sizes=\"(max-width: 940px) 100vw, 940px\" \/><\/a><\/p>\n","protected":false},"excerpt":{"rendered":"<p>Os Projetos do Ensino, Pesquisa e Extens\u00e3o, Estrutura\u00e7\u00e3o do Laborat\u00f3rio de Automa\u00e7\u00e3o Industrial e o Grupo de Estudo ProEDAI, convida toda a comunidade do Centro de Engenharias para na pr\u00f3xima sexta feira dia 04\/12 \u00a0as 17:00, pelo Canal do CENG no YouTube, participar da palestra: Projeto de Sistemas de Aeronaves Civis. Nesta palestra teremos como [&hellip;]<\/p>\n","protected":false},"author":67,"featured_media":0,"comment_status":"closed","ping_status":"closed","sticky":false,"template":"","format":"standard","meta":{"footnotes":""},"categories":[1],"tags":[],"class_list":["post-9192","post","type-post","status-publish","format-standard","hentry","category-ultimos-posts"],"jetpack_featured_media_url":"","publishpress_future_action":{"enabled":false,"date":"2026-05-05 06:27:33","action":"change-status","newStatus":"draft","terms":[],"taxonomy":"category","extraData":[]},"publishpress_future_workflow_manual_trigger":{"enabledWorkflows":[]},"_links":{"self":[{"href":"https:\/\/wp.ufpel.edu.br\/ceng\/wp-json\/wp\/v2\/posts\/9192","targetHints":{"allow":["GET"]}}],"collection":[{"href":"https:\/\/wp.ufpel.edu.br\/ceng\/wp-json\/wp\/v2\/posts"}],"about":[{"href":"https:\/\/wp.ufpel.edu.br\/ceng\/wp-json\/wp\/v2\/types\/post"}],"author":[{"embeddable":true,"href":"https:\/\/wp.ufpel.edu.br\/ceng\/wp-json\/wp\/v2\/users\/67"}],"replies":[{"embeddable":true,"href":"https:\/\/wp.ufpel.edu.br\/ceng\/wp-json\/wp\/v2\/comments?post=9192"}],"version-history":[{"count":1,"href":"https:\/\/wp.ufpel.edu.br\/ceng\/wp-json\/wp\/v2\/posts\/9192\/revisions"}],"predecessor-version":[{"id":9195,"href":"https:\/\/wp.ufpel.edu.br\/ceng\/wp-json\/wp\/v2\/posts\/9192\/revisions\/9195"}],"wp:attachment":[{"href":"https:\/\/wp.ufpel.edu.br\/ceng\/wp-json\/wp\/v2\/media?parent=9192"}],"wp:term":[{"taxonomy":"category","embeddable":true,"href":"https:\/\/wp.ufpel.edu.br\/ceng\/wp-json\/wp\/v2\/categories?post=9192"},{"taxonomy":"post_tag","embeddable":true,"href":"https:\/\/wp.ufpel.edu.br\/ceng\/wp-json\/wp\/v2\/tags?post=9192"}],"curies":[{"name":"wp","href":"https:\/\/api.w.org\/{rel}","templated":true}]}}