{"id":9184,"date":"2020-12-01T16:12:29","date_gmt":"2020-12-01T19:12:29","guid":{"rendered":"https:\/\/wp.ufpel.edu.br\/ceng\/?p=9184"},"modified":"2020-12-01T16:12:29","modified_gmt":"2020-12-01T19:12:29","slug":"edital-de-consulta-a-comunidade-para-eleicao-de-coordenador-e-coordenador-adjunto-do-curso-de-eng-civil","status":"publish","type":"post","link":"https:\/\/wp.ufpel.edu.br\/ceng\/edital-de-consulta-a-comunidade-para-eleicao-de-coordenador-e-coordenador-adjunto-do-curso-de-eng-civil\/","title":{"rendered":"Edital de Consulta \u00e0 Comunidade para Elei\u00e7\u00e3o de Coordenador e Coordenador Adjunto do Curso de Eng. Civil"},"content":{"rendered":"<p>Acesse o edital a seguir:<\/p>\n<p><a href=\"https:\/\/wp.ufpel.edu.br\/engciv\/files\/2020\/11\/Edital_EC.pdf\">Edital_EC<\/a><\/p>\n<p>&nbsp;<\/p>\n<p>Lista de votantes:<\/p>\n<p><a href=\"https:\/\/wp.ufpel.edu.br\/engciv\/files\/2020\/11\/alunos_EC.pdf\">alunos_EC<\/a><\/p>\n<p><a href=\"https:\/\/wp.ufpel.edu.br\/engciv\/files\/2020\/11\/Lista_DOCENTES_TAES.pdf\">Lista_DOCENTES_TAES<\/a><\/p>\n","protected":false},"excerpt":{"rendered":"<p>Acesse o edital a seguir: Edital_EC &nbsp; Lista de votantes: alunos_EC Lista_DOCENTES_TAES<\/p>\n","protected":false},"author":67,"featured_media":0,"comment_status":"closed","ping_status":"closed","sticky":false,"template":"","format":"standard","meta":{"footnotes":""},"categories":[1],"tags":[],"class_list":["post-9184","post","type-post","status-publish","format-standard","hentry","category-ultimos-posts"],"jetpack_featured_media_url":"","publishpress_future_action":{"enabled":false,"date":"2026-05-06 15:05:10","action":"change-status","newStatus":"draft","terms":[],"taxonomy":"category","extraData":[]},"publishpress_future_workflow_manual_trigger":{"enabledWorkflows":[]},"_links":{"self":[{"href":"https:\/\/wp.ufpel.edu.br\/ceng\/wp-json\/wp\/v2\/posts\/9184","targetHints":{"allow":["GET"]}}],"collection":[{"href":"https:\/\/wp.ufpel.edu.br\/ceng\/wp-json\/wp\/v2\/posts"}],"about":[{"href":"https:\/\/wp.ufpel.edu.br\/ceng\/wp-json\/wp\/v2\/types\/post"}],"author":[{"embeddable":true,"href":"https:\/\/wp.ufpel.edu.br\/ceng\/wp-json\/wp\/v2\/users\/67"}],"replies":[{"embeddable":true,"href":"https:\/\/wp.ufpel.edu.br\/ceng\/wp-json\/wp\/v2\/comments?post=9184"}],"version-history":[{"count":1,"href":"https:\/\/wp.ufpel.edu.br\/ceng\/wp-json\/wp\/v2\/posts\/9184\/revisions"}],"predecessor-version":[{"id":9186,"href":"https:\/\/wp.ufpel.edu.br\/ceng\/wp-json\/wp\/v2\/posts\/9184\/revisions\/9186"}],"wp:attachment":[{"href":"https:\/\/wp.ufpel.edu.br\/ceng\/wp-json\/wp\/v2\/media?parent=9184"}],"wp:term":[{"taxonomy":"category","embeddable":true,"href":"https:\/\/wp.ufpel.edu.br\/ceng\/wp-json\/wp\/v2\/categories?post=9184"},{"taxonomy":"post_tag","embeddable":true,"href":"https:\/\/wp.ufpel.edu.br\/ceng\/wp-json\/wp\/v2\/tags?post=9184"}],"curies":[{"name":"wp","href":"https:\/\/api.w.org\/{rel}","templated":true}]}}