{"id":9172,"date":"2020-11-27T15:08:28","date_gmt":"2020-11-27T18:08:28","guid":{"rendered":"https:\/\/wp.ufpel.edu.br\/ceng\/?p=9172"},"modified":"2020-11-27T15:08:28","modified_gmt":"2020-11-27T18:08:28","slug":"proedai-convida-para-palestra","status":"publish","type":"post","link":"https:\/\/wp.ufpel.edu.br\/ceng\/proedai-convida-para-palestra\/","title":{"rendered":"ProEDAI convida para palestra"},"content":{"rendered":"<p>O Projeto do Ensino, Pesquisa e Extens\u00e3o, Grupo de Estudo Exatas Diversidades Afro Ind\u00edgenas convida toda a comunidade do Centro de Engenharias para na pr\u00f3xima segunda feira dia 30\/11 as 17:00, pelo Canal do CENG no YouTube, participar da palestra: Do mimimi ao Racismo Institucional: como enfrentar as microagress\u00f5es raciais no ambiente das ci\u00eancias exatas e engenharias.<\/p>\n<p>Nesta palestra teremos como convidada a Psic\u00f3loga Tha\u00edse Mendes Farias, juntamente com dois egressos do Centro de Engenharias, com experi\u00eancias na p\u00f3s-gradua\u00e7\u00e3o, como docentes e no ambiente empresarial, o Engenheiro de Petr\u00f3leo R\u00f4mulo Nunes e o Engenheiro Ge\u00f3logo Rui S\u00e9rgio Saraiva Duarte Junior.<\/p>\n<p><a href=\"https:\/\/wp.ufpel.edu.br\/ceng\/files\/2020\/11\/image0.jpeg\"><img class=\"aligncenter size-large wp-image-9174\" src=\"https:\/\/wp.ufpel.edu.br\/ceng\/files\/2020\/11\/image0-1024x1024.jpeg\" alt=\"\" width=\"1024\" height=\"1024\" srcset=\"https:\/\/wp.ufpel.edu.br\/ceng\/files\/2020\/11\/image0-1024x1024.jpeg 1024w, https:\/\/wp.ufpel.edu.br\/ceng\/files\/2020\/11\/image0-400x400.jpeg 400w, https:\/\/wp.ufpel.edu.br\/ceng\/files\/2020\/11\/image0-200x200.jpeg 200w, https:\/\/wp.ufpel.edu.br\/ceng\/files\/2020\/11\/image0-768x768.jpeg 768w, https:\/\/wp.ufpel.edu.br\/ceng\/files\/2020\/11\/image0.jpeg 1280w\" sizes=\"(max-width: 1024px) 100vw, 1024px\" \/><\/a><\/p>\n","protected":false},"excerpt":{"rendered":"<p>O Projeto do Ensino, Pesquisa e Extens\u00e3o, Grupo de Estudo Exatas Diversidades Afro Ind\u00edgenas convida toda a comunidade do Centro de Engenharias para na pr\u00f3xima segunda feira dia 30\/11 as 17:00, pelo Canal do CENG no YouTube, participar da palestra: Do mimimi ao Racismo Institucional: como enfrentar as microagress\u00f5es raciais no ambiente das ci\u00eancias exatas [&hellip;]<\/p>\n","protected":false},"author":67,"featured_media":0,"comment_status":"closed","ping_status":"closed","sticky":false,"template":"","format":"standard","meta":{"footnotes":""},"categories":[1],"tags":[],"class_list":["post-9172","post","type-post","status-publish","format-standard","hentry","category-ultimos-posts"],"jetpack_featured_media_url":"","publishpress_future_action":{"enabled":false,"date":"2026-05-05 16:57:34","action":"change-status","newStatus":"draft","terms":[],"taxonomy":"category","extraData":[]},"publishpress_future_workflow_manual_trigger":{"enabledWorkflows":[]},"_links":{"self":[{"href":"https:\/\/wp.ufpel.edu.br\/ceng\/wp-json\/wp\/v2\/posts\/9172","targetHints":{"allow":["GET"]}}],"collection":[{"href":"https:\/\/wp.ufpel.edu.br\/ceng\/wp-json\/wp\/v2\/posts"}],"about":[{"href":"https:\/\/wp.ufpel.edu.br\/ceng\/wp-json\/wp\/v2\/types\/post"}],"author":[{"embeddable":true,"href":"https:\/\/wp.ufpel.edu.br\/ceng\/wp-json\/wp\/v2\/users\/67"}],"replies":[{"embeddable":true,"href":"https:\/\/wp.ufpel.edu.br\/ceng\/wp-json\/wp\/v2\/comments?post=9172"}],"version-history":[{"count":1,"href":"https:\/\/wp.ufpel.edu.br\/ceng\/wp-json\/wp\/v2\/posts\/9172\/revisions"}],"predecessor-version":[{"id":9175,"href":"https:\/\/wp.ufpel.edu.br\/ceng\/wp-json\/wp\/v2\/posts\/9172\/revisions\/9175"}],"wp:attachment":[{"href":"https:\/\/wp.ufpel.edu.br\/ceng\/wp-json\/wp\/v2\/media?parent=9172"}],"wp:term":[{"taxonomy":"category","embeddable":true,"href":"https:\/\/wp.ufpel.edu.br\/ceng\/wp-json\/wp\/v2\/categories?post=9172"},{"taxonomy":"post_tag","embeddable":true,"href":"https:\/\/wp.ufpel.edu.br\/ceng\/wp-json\/wp\/v2\/tags?post=9172"}],"curies":[{"name":"wp","href":"https:\/\/api.w.org\/{rel}","templated":true}]}}