{"id":9153,"date":"2020-11-26T11:39:47","date_gmt":"2020-11-26T14:39:47","guid":{"rendered":"https:\/\/wp.ufpel.edu.br\/ceng\/?p=9153"},"modified":"2020-11-26T12:23:48","modified_gmt":"2020-11-26T15:23:48","slug":"professor-do-ceng-defende-tese-de-doutorado-christiano-martino-otero-avila","status":"publish","type":"post","link":"https:\/\/wp.ufpel.edu.br\/ceng\/professor-do-ceng-defende-tese-de-doutorado-christiano-martino-otero-avila\/","title":{"rendered":"Professor do CEng defende Tese de Doutorado \u2013 Christiano Martino Otero Avila"},"content":{"rendered":"<div>Com grande satisfa\u00e7\u00e3o, informamos que o Prof. <b>Christiano Martino Otero Avila<\/b><b>\u00a0<\/b>defendeu sua Tese de Doutorado no dia 24\/11\/2020, junto ao Programa de P\u00f3s-Gradua\u00e7\u00e3o em Computa\u00e7\u00e3o (<b>PPGC-UFPel<\/b>).<\/div>\n<div>\n<div><\/div>\n<p>O trabalho, intitulado <i><b>PAPERT PC Framework &#8211; Um arcabou\u00e7o para cria\u00e7\u00e3o de atividades curriculares integradas com o Pensamento Computacional<\/b><\/i><b><i>,<\/i><\/b> foi orientado pela Prof\u00aa. Simone Andr\u00e9 da Costa Cavalheiro.<\/p>\n<p><b>O Centro de Engenharias parabeniza o professor Christiano pela conquista!<\/b><\/p>\n<p><a href=\"https:\/\/wp.ufpel.edu.br\/ceng\/files\/2020\/11\/banca.jpg\"><img class=\"aligncenter size-large wp-image-9155\" src=\"https:\/\/wp.ufpel.edu.br\/ceng\/files\/2020\/11\/banca-1024x500.jpg\" alt=\"\" width=\"1024\" height=\"500\" srcset=\"https:\/\/wp.ufpel.edu.br\/ceng\/files\/2020\/11\/banca-1024x500.jpg 1024w, https:\/\/wp.ufpel.edu.br\/ceng\/files\/2020\/11\/banca-400x195.jpg 400w, https:\/\/wp.ufpel.edu.br\/ceng\/files\/2020\/11\/banca-768x375.jpg 768w, https:\/\/wp.ufpel.edu.br\/ceng\/files\/2020\/11\/banca.jpg 1269w\" sizes=\"(max-width: 1024px) 100vw, 1024px\" \/><\/a><\/p>\n<\/div>\n","protected":false},"excerpt":{"rendered":"<p>Com grande satisfa\u00e7\u00e3o, informamos que o Prof. Christiano Martino Otero Avila\u00a0defendeu sua Tese de Doutorado no dia 24\/11\/2020, junto ao Programa de P\u00f3s-Gradua\u00e7\u00e3o em Computa\u00e7\u00e3o (PPGC-UFPel). O trabalho, intitulado PAPERT PC Framework &#8211; Um arcabou\u00e7o para cria\u00e7\u00e3o de atividades curriculares integradas com o Pensamento Computacional, foi orientado pela Prof\u00aa. Simone Andr\u00e9 da Costa Cavalheiro. O [&hellip;]<\/p>\n","protected":false},"author":67,"featured_media":0,"comment_status":"closed","ping_status":"closed","sticky":false,"template":"","format":"standard","meta":{"footnotes":""},"categories":[1],"tags":[],"class_list":["post-9153","post","type-post","status-publish","format-standard","hentry","category-ultimos-posts"],"jetpack_featured_media_url":"","publishpress_future_action":{"enabled":false,"date":"2026-05-05 02:25:21","action":"change-status","newStatus":"draft","terms":[],"taxonomy":"category","extraData":[]},"publishpress_future_workflow_manual_trigger":{"enabledWorkflows":[]},"_links":{"self":[{"href":"https:\/\/wp.ufpel.edu.br\/ceng\/wp-json\/wp\/v2\/posts\/9153","targetHints":{"allow":["GET"]}}],"collection":[{"href":"https:\/\/wp.ufpel.edu.br\/ceng\/wp-json\/wp\/v2\/posts"}],"about":[{"href":"https:\/\/wp.ufpel.edu.br\/ceng\/wp-json\/wp\/v2\/types\/post"}],"author":[{"embeddable":true,"href":"https:\/\/wp.ufpel.edu.br\/ceng\/wp-json\/wp\/v2\/users\/67"}],"replies":[{"embeddable":true,"href":"https:\/\/wp.ufpel.edu.br\/ceng\/wp-json\/wp\/v2\/comments?post=9153"}],"version-history":[{"count":4,"href":"https:\/\/wp.ufpel.edu.br\/ceng\/wp-json\/wp\/v2\/posts\/9153\/revisions"}],"predecessor-version":[{"id":9167,"href":"https:\/\/wp.ufpel.edu.br\/ceng\/wp-json\/wp\/v2\/posts\/9153\/revisions\/9167"}],"wp:attachment":[{"href":"https:\/\/wp.ufpel.edu.br\/ceng\/wp-json\/wp\/v2\/media?parent=9153"}],"wp:term":[{"taxonomy":"category","embeddable":true,"href":"https:\/\/wp.ufpel.edu.br\/ceng\/wp-json\/wp\/v2\/categories?post=9153"},{"taxonomy":"post_tag","embeddable":true,"href":"https:\/\/wp.ufpel.edu.br\/ceng\/wp-json\/wp\/v2\/tags?post=9153"}],"curies":[{"name":"wp","href":"https:\/\/api.w.org\/{rel}","templated":true}]}}