{"id":9075,"date":"2020-11-10T16:18:17","date_gmt":"2020-11-10T19:18:17","guid":{"rendered":"https:\/\/wp.ufpel.edu.br\/ceng\/?p=9075"},"modified":"2020-11-10T16:18:17","modified_gmt":"2020-11-10T19:18:17","slug":"edital-de-consulta-a-comunidade-coordenacao-do-curso-de-geoprocessamento","status":"publish","type":"post","link":"https:\/\/wp.ufpel.edu.br\/ceng\/edital-de-consulta-a-comunidade-coordenacao-do-curso-de-geoprocessamento\/","title":{"rendered":"Edital de consulta \u00e0 comunidade &#8211; Coordena\u00e7\u00e3o do curso de Geoprocessamento"},"content":{"rendered":"<p>O curso de Geoprocessamento torna p\u00fablico o Edital referente a consulta a comunidade para elei\u00e7\u00e3o de Coordenador e Coordenador Adjunto do Curso.<\/p>\n<p>Acesse no link: <a href=\"https:\/\/wp.ufpel.edu.br\/ceng\/files\/2020\/11\/Edital_GEO_ver6.pdf\">Edital_GEO_ver6<\/a><\/p>\n","protected":false},"excerpt":{"rendered":"<p>O curso de Geoprocessamento torna p\u00fablico o Edital referente a consulta a comunidade para elei\u00e7\u00e3o de Coordenador e Coordenador Adjunto do Curso. Acesse no link: Edital_GEO_ver6<\/p>\n","protected":false},"author":67,"featured_media":0,"comment_status":"closed","ping_status":"closed","sticky":false,"template":"","format":"standard","meta":{"footnotes":""},"categories":[1],"tags":[],"class_list":["post-9075","post","type-post","status-publish","format-standard","hentry","category-ultimos-posts"],"jetpack_featured_media_url":"","publishpress_future_action":{"enabled":false,"date":"2026-05-04 21:10:17","action":"change-status","newStatus":"draft","terms":[],"taxonomy":"category","extraData":[]},"publishpress_future_workflow_manual_trigger":{"enabledWorkflows":[]},"_links":{"self":[{"href":"https:\/\/wp.ufpel.edu.br\/ceng\/wp-json\/wp\/v2\/posts\/9075","targetHints":{"allow":["GET"]}}],"collection":[{"href":"https:\/\/wp.ufpel.edu.br\/ceng\/wp-json\/wp\/v2\/posts"}],"about":[{"href":"https:\/\/wp.ufpel.edu.br\/ceng\/wp-json\/wp\/v2\/types\/post"}],"author":[{"embeddable":true,"href":"https:\/\/wp.ufpel.edu.br\/ceng\/wp-json\/wp\/v2\/users\/67"}],"replies":[{"embeddable":true,"href":"https:\/\/wp.ufpel.edu.br\/ceng\/wp-json\/wp\/v2\/comments?post=9075"}],"version-history":[{"count":1,"href":"https:\/\/wp.ufpel.edu.br\/ceng\/wp-json\/wp\/v2\/posts\/9075\/revisions"}],"predecessor-version":[{"id":9078,"href":"https:\/\/wp.ufpel.edu.br\/ceng\/wp-json\/wp\/v2\/posts\/9075\/revisions\/9078"}],"wp:attachment":[{"href":"https:\/\/wp.ufpel.edu.br\/ceng\/wp-json\/wp\/v2\/media?parent=9075"}],"wp:term":[{"taxonomy":"category","embeddable":true,"href":"https:\/\/wp.ufpel.edu.br\/ceng\/wp-json\/wp\/v2\/categories?post=9075"},{"taxonomy":"post_tag","embeddable":true,"href":"https:\/\/wp.ufpel.edu.br\/ceng\/wp-json\/wp\/v2\/tags?post=9075"}],"curies":[{"name":"wp","href":"https:\/\/api.w.org\/{rel}","templated":true}]}}