{"id":9066,"date":"2020-11-05T16:52:31","date_gmt":"2020-11-05T19:52:31","guid":{"rendered":"https:\/\/wp.ufpel.edu.br\/ceng\/?p=9066"},"modified":"2020-11-05T16:52:31","modified_gmt":"2020-11-05T19:52:31","slug":"nova-data-para-retirada-presencial-de-diplomas-11-11","status":"publish","type":"post","link":"https:\/\/wp.ufpel.edu.br\/ceng\/nova-data-para-retirada-presencial-de-diplomas-11-11\/","title":{"rendered":"Nova data para retirada presencial de diplomas &#8211; 11\/11"},"content":{"rendered":"<p>Informamos que a pr\u00f3xima entrega de diplomas ocorrer\u00e1 na quarta-feira, dia 11\/11, das 9h \u00e0s 10:30, com a Prof\u00aa. Aline Paliga, na sala A305 do CEng\/Cotada.<\/p>\n<p>Todas as informa\u00e7\u00f5es sobre o processo de retirada de diplomas podem ser encontradas na p\u00e1gina:\u00a0<a href=\"https:\/\/wp.ufpel.edu.br\/ceng\/retirada-de-diplomas\/\">https:\/\/wp.ufpel.edu.br\/ceng\/retirada-de-diplomas\/<\/a><\/p>\n","protected":false},"excerpt":{"rendered":"<p>Informamos que a pr\u00f3xima entrega de diplomas ocorrer\u00e1 na quarta-feira, dia 11\/11, das 9h \u00e0s 10:30, com a Prof\u00aa. Aline Paliga, na sala A305 do CEng\/Cotada. Todas as informa\u00e7\u00f5es sobre o processo de retirada de diplomas podem ser encontradas na p\u00e1gina:\u00a0https:\/\/wp.ufpel.edu.br\/ceng\/retirada-de-diplomas\/<\/p>\n","protected":false},"author":67,"featured_media":0,"comment_status":"closed","ping_status":"closed","sticky":false,"template":"","format":"standard","meta":{"footnotes":""},"categories":[1],"tags":[],"class_list":["post-9066","post","type-post","status-publish","format-standard","hentry","category-ultimos-posts"],"jetpack_featured_media_url":"","publishpress_future_action":{"enabled":false,"date":"2026-05-04 21:10:12","action":"change-status","newStatus":"draft","terms":[],"taxonomy":"category","extraData":[]},"publishpress_future_workflow_manual_trigger":{"enabledWorkflows":[]},"_links":{"self":[{"href":"https:\/\/wp.ufpel.edu.br\/ceng\/wp-json\/wp\/v2\/posts\/9066","targetHints":{"allow":["GET"]}}],"collection":[{"href":"https:\/\/wp.ufpel.edu.br\/ceng\/wp-json\/wp\/v2\/posts"}],"about":[{"href":"https:\/\/wp.ufpel.edu.br\/ceng\/wp-json\/wp\/v2\/types\/post"}],"author":[{"embeddable":true,"href":"https:\/\/wp.ufpel.edu.br\/ceng\/wp-json\/wp\/v2\/users\/67"}],"replies":[{"embeddable":true,"href":"https:\/\/wp.ufpel.edu.br\/ceng\/wp-json\/wp\/v2\/comments?post=9066"}],"version-history":[{"count":1,"href":"https:\/\/wp.ufpel.edu.br\/ceng\/wp-json\/wp\/v2\/posts\/9066\/revisions"}],"predecessor-version":[{"id":9068,"href":"https:\/\/wp.ufpel.edu.br\/ceng\/wp-json\/wp\/v2\/posts\/9066\/revisions\/9068"}],"wp:attachment":[{"href":"https:\/\/wp.ufpel.edu.br\/ceng\/wp-json\/wp\/v2\/media?parent=9066"}],"wp:term":[{"taxonomy":"category","embeddable":true,"href":"https:\/\/wp.ufpel.edu.br\/ceng\/wp-json\/wp\/v2\/categories?post=9066"},{"taxonomy":"post_tag","embeddable":true,"href":"https:\/\/wp.ufpel.edu.br\/ceng\/wp-json\/wp\/v2\/tags?post=9066"}],"curies":[{"name":"wp","href":"https:\/\/api.w.org\/{rel}","templated":true}]}}