{"id":9054,"date":"2020-11-04T15:27:17","date_gmt":"2020-11-04T18:27:17","guid":{"rendered":"https:\/\/wp.ufpel.edu.br\/ceng\/?p=9054"},"modified":"2020-11-04T15:27:17","modified_gmt":"2020-11-04T18:27:17","slug":"projeto-gama-abre-inscricoes-para-as-proximas-turmas-de-revisao-em-matematica-4","status":"publish","type":"post","link":"https:\/\/wp.ufpel.edu.br\/ceng\/projeto-gama-abre-inscricoes-para-as-proximas-turmas-de-revisao-em-matematica-4\/","title":{"rendered":"Projeto GAMA abre inscri\u00e7\u00f5es para as pr\u00f3ximas turmas de revis\u00e3o em matem\u00e1tica"},"content":{"rendered":"<p style=\"font-weight: 400\">O projeto GAMA: Grupo de Apoio em Matem\u00e1tica, mantido em parceria com o IFM &#8211; Instituto de F\u00edsica e Matem\u00e1tica e PRE &#8211; Pr\u00f3-reitoria de Ensino, abriu inscri\u00e7\u00f5es para duas\u00a0turmas, sendo uma para o m\u00f3dulo de Limites e uma para o m\u00f3dulo de Derivadas.<\/p>\n<p style=\"font-weight: 400\">\n<p style=\"font-weight: 400\">Est\u00e3o sendo disponibilizadas, nesta oferta, 100 vagas para cada turma,\u00a0na modalidade virtual.<\/p>\n<p style=\"font-weight: 400\">\n<p style=\"font-weight: 400\">Maiores informa\u00e7\u00f5es e inscri\u00e7\u00f5es para as turmas est\u00e3o dispon\u00edveis na p\u00e1gina do GAMA:<\/p>\n<p style=\"font-weight: 400\"><a href=\"https:\/\/wp.ufpel.edu.br\/projetogama\/\" data-saferedirecturl=\"https:\/\/www.google.com\/url?q=https:\/\/wp.ufpel.edu.br\/projetogama\/&amp;source=gmail&amp;ust=1604598575499000&amp;usg=AFQjCNGgeAsxXlrF1ZkYKthFgPKaS4SZnQ\">https:\/\/wp.ufpel.edu.br\/projetogama\/<\/a><\/p>\n<p style=\"font-weight: 400\">\n<p style=\"font-weight: 400\">O projeto GAMA convida todos(as) os interessados (as) a se inscreverem o canal do projeto no YOUTUBE, onde foram disponibilizadas mais de 150 videoaulas\u00a0versando sobre conte\u00fados de Matem\u00e1tica B\u00e1sica, Fun\u00e7\u00f5es, Trigonometria, Exponenciais e Logaritmos, Limites, Derivadas e Integrais.<\/p>\n<p style=\"font-weight: 400\"><a href=\"https:\/\/www.youtube.com\/channel\/UCB3NUeew6Ji_k39-_GDA3iQ\/playlists\" data-saferedirecturl=\"https:\/\/www.google.com\/url?q=https:\/\/www.youtube.com\/channel\/UCB3NUeew6Ji_k39-_GDA3iQ\/playlists&amp;source=gmail&amp;ust=1604598575499000&amp;usg=AFQjCNErymAkAJ1fs76HTp9FJD0TtyKTMw\">https:\/\/www.youtube.com\/channel\/UCB3NUeew6Ji_k39-_GDA3iQ\/playlists<\/a><\/p>\n<p style=\"font-weight: 400\">\n","protected":false},"excerpt":{"rendered":"<p>O projeto GAMA: Grupo de Apoio em Matem\u00e1tica, mantido em parceria com o IFM &#8211; Instituto de F\u00edsica e Matem\u00e1tica e PRE &#8211; Pr\u00f3-reitoria de Ensino, abriu inscri\u00e7\u00f5es para duas\u00a0turmas, sendo uma para o m\u00f3dulo de Limites e uma para o m\u00f3dulo de Derivadas. Est\u00e3o sendo disponibilizadas, nesta oferta, 100 vagas para cada turma,\u00a0na modalidade [&hellip;]<\/p>\n","protected":false},"author":67,"featured_media":0,"comment_status":"closed","ping_status":"closed","sticky":false,"template":"","format":"standard","meta":{"footnotes":""},"categories":[1],"tags":[],"class_list":["post-9054","post","type-post","status-publish","format-standard","hentry","category-ultimos-posts"],"jetpack_featured_media_url":"","publishpress_future_action":{"enabled":false,"date":"2026-05-05 02:25:28","action":"change-status","newStatus":"draft","terms":[],"taxonomy":"category","extraData":[]},"publishpress_future_workflow_manual_trigger":{"enabledWorkflows":[]},"_links":{"self":[{"href":"https:\/\/wp.ufpel.edu.br\/ceng\/wp-json\/wp\/v2\/posts\/9054","targetHints":{"allow":["GET"]}}],"collection":[{"href":"https:\/\/wp.ufpel.edu.br\/ceng\/wp-json\/wp\/v2\/posts"}],"about":[{"href":"https:\/\/wp.ufpel.edu.br\/ceng\/wp-json\/wp\/v2\/types\/post"}],"author":[{"embeddable":true,"href":"https:\/\/wp.ufpel.edu.br\/ceng\/wp-json\/wp\/v2\/users\/67"}],"replies":[{"embeddable":true,"href":"https:\/\/wp.ufpel.edu.br\/ceng\/wp-json\/wp\/v2\/comments?post=9054"}],"version-history":[{"count":1,"href":"https:\/\/wp.ufpel.edu.br\/ceng\/wp-json\/wp\/v2\/posts\/9054\/revisions"}],"predecessor-version":[{"id":9056,"href":"https:\/\/wp.ufpel.edu.br\/ceng\/wp-json\/wp\/v2\/posts\/9054\/revisions\/9056"}],"wp:attachment":[{"href":"https:\/\/wp.ufpel.edu.br\/ceng\/wp-json\/wp\/v2\/media?parent=9054"}],"wp:term":[{"taxonomy":"category","embeddable":true,"href":"https:\/\/wp.ufpel.edu.br\/ceng\/wp-json\/wp\/v2\/categories?post=9054"},{"taxonomy":"post_tag","embeddable":true,"href":"https:\/\/wp.ufpel.edu.br\/ceng\/wp-json\/wp\/v2\/tags?post=9054"}],"curies":[{"name":"wp","href":"https:\/\/api.w.org\/{rel}","templated":true}]}}