{"id":9038,"date":"2020-11-03T16:46:17","date_gmt":"2020-11-03T19:46:17","guid":{"rendered":"https:\/\/wp.ufpel.edu.br\/ceng\/?p=9038"},"modified":"2020-11-03T16:46:28","modified_gmt":"2020-11-03T19:46:28","slug":"colacao-de-grau-interna-centro-de-engenharias-6","status":"publish","type":"post","link":"https:\/\/wp.ufpel.edu.br\/ceng\/colacao-de-grau-interna-centro-de-engenharias-6\/","title":{"rendered":"Cola\u00e7\u00e3o de Grau Interna \u2013 Centro de Engenharias"},"content":{"rendered":"<p>Na tarde do dia 16\/10\/2020, por videoconfer\u00eancia, em virtude da pandemia de Covid-19, ocorreu a Cola\u00e7\u00e3o de Grau Interna dos cursos de Engenharia Ambiental e Sanit\u00e1ria, Engenharia de Controle e Automa\u00e7\u00e3o e Engenharia Geol\u00f3gica.<\/p>\n<p>A Dire\u00e7\u00e3o do Centro de Engenharias parabeniza os cursos de Engenharia Ambiental e Sanit\u00e1ria, Engenharia de Controle e Automa\u00e7\u00e3o e Engenharia Geol\u00f3gica na figura de seus docentes, t\u00e9cnicos e discentes, bem como aos familiares e, principalmente, aos novos engenheiros formados! Sucesso a todos!<\/p>\n<p><b>Engenharia Ambiental e Sanit\u00e1ria<\/b><br \/>\nJUNIOR SILVA MONSCHEN<br \/>\nMARCELO UARTHE GRIMMLER<\/p>\n<p><b>Engenharia de Controle e Automa\u00e7\u00e3o<\/b><br \/>\nGUSTAVO LUIZ HECK<\/p>\n<p><b>Engenharia Geol\u00f3gica<\/b><br \/>\nBRENDA APARECIDA MARTINELI FRAGOSO<br \/>\nFERNANDA LUZ DE FREITAS<br \/>\nMARCOS PHILLIPE GUIMAR\u00c3ES FARIA<br \/>\nTAMIRES BOJJIS DA COSTA<\/p>\n<p><a href=\"https:\/\/wp.ufpel.edu.br\/ceng\/files\/2020\/11\/20b3dad7-5a88-4fdc-8873-4b11569b68b4.jpeg\"><img class=\"aligncenter size-full wp-image-9040\" src=\"https:\/\/wp.ufpel.edu.br\/ceng\/files\/2020\/11\/20b3dad7-5a88-4fdc-8873-4b11569b68b4.jpeg\" alt=\"\" width=\"711\" height=\"562\" srcset=\"https:\/\/wp.ufpel.edu.br\/ceng\/files\/2020\/11\/20b3dad7-5a88-4fdc-8873-4b11569b68b4.jpeg 711w, https:\/\/wp.ufpel.edu.br\/ceng\/files\/2020\/11\/20b3dad7-5a88-4fdc-8873-4b11569b68b4-400x316.jpeg 400w\" sizes=\"(max-width: 711px) 100vw, 711px\" \/><\/a><\/p>\n","protected":false},"excerpt":{"rendered":"<p>Na tarde do dia 16\/10\/2020, por videoconfer\u00eancia, em virtude da pandemia de Covid-19, ocorreu a Cola\u00e7\u00e3o de Grau Interna dos cursos de Engenharia Ambiental e Sanit\u00e1ria, Engenharia de Controle e Automa\u00e7\u00e3o e Engenharia Geol\u00f3gica. A Dire\u00e7\u00e3o do Centro de Engenharias parabeniza os cursos de Engenharia Ambiental e Sanit\u00e1ria, Engenharia de Controle e Automa\u00e7\u00e3o e Engenharia [&hellip;]<\/p>\n","protected":false},"author":67,"featured_media":0,"comment_status":"closed","ping_status":"closed","sticky":false,"template":"","format":"standard","meta":{"footnotes":""},"categories":[1],"tags":[],"class_list":["post-9038","post","type-post","status-publish","format-standard","hentry","category-ultimos-posts"],"jetpack_featured_media_url":"","publishpress_future_action":{"enabled":false,"date":"2026-05-05 07:26:04","action":"change-status","newStatus":"draft","terms":[],"taxonomy":"category","extraData":[]},"publishpress_future_workflow_manual_trigger":{"enabledWorkflows":[]},"_links":{"self":[{"href":"https:\/\/wp.ufpel.edu.br\/ceng\/wp-json\/wp\/v2\/posts\/9038","targetHints":{"allow":["GET"]}}],"collection":[{"href":"https:\/\/wp.ufpel.edu.br\/ceng\/wp-json\/wp\/v2\/posts"}],"about":[{"href":"https:\/\/wp.ufpel.edu.br\/ceng\/wp-json\/wp\/v2\/types\/post"}],"author":[{"embeddable":true,"href":"https:\/\/wp.ufpel.edu.br\/ceng\/wp-json\/wp\/v2\/users\/67"}],"replies":[{"embeddable":true,"href":"https:\/\/wp.ufpel.edu.br\/ceng\/wp-json\/wp\/v2\/comments?post=9038"}],"version-history":[{"count":2,"href":"https:\/\/wp.ufpel.edu.br\/ceng\/wp-json\/wp\/v2\/posts\/9038\/revisions"}],"predecessor-version":[{"id":9042,"href":"https:\/\/wp.ufpel.edu.br\/ceng\/wp-json\/wp\/v2\/posts\/9038\/revisions\/9042"}],"wp:attachment":[{"href":"https:\/\/wp.ufpel.edu.br\/ceng\/wp-json\/wp\/v2\/media?parent=9038"}],"wp:term":[{"taxonomy":"category","embeddable":true,"href":"https:\/\/wp.ufpel.edu.br\/ceng\/wp-json\/wp\/v2\/categories?post=9038"},{"taxonomy":"post_tag","embeddable":true,"href":"https:\/\/wp.ufpel.edu.br\/ceng\/wp-json\/wp\/v2\/tags?post=9038"}],"curies":[{"name":"wp","href":"https:\/\/api.w.org\/{rel}","templated":true}]}}