{"id":8738,"date":"2020-08-03T11:47:25","date_gmt":"2020-08-03T14:47:25","guid":{"rendered":"https:\/\/wp.ufpel.edu.br\/ceng\/?p=8738"},"modified":"2020-08-03T11:50:05","modified_gmt":"2020-08-03T14:50:05","slug":"numesa-seleciona-voluntario-de-pesquisa","status":"publish","type":"post","link":"https:\/\/wp.ufpel.edu.br\/ceng\/numesa-seleciona-voluntario-de-pesquisa\/","title":{"rendered":"NUMESA SELECIONA VOLUNT\u00c1RIO DE PESQUISA!!!"},"content":{"rendered":"<p>O grupo NUMESA \u2013 N\u00facleo Multidisciplinar de Ergonomia, Seguran\u00e7a e Acessibilidade, da UFPel, est\u00e1 selecionando um volunt\u00e1rio para o Projeto de Pesquisa Humaniza\u00e7\u00e3o em Alas Oncol\u00f3gicas do Hospital Escola.<\/p>\n<p>Envie seus documentos para o e-mail\u00a0<a href=\"mailto:grupo.numesa@gmail.com\" target=\"_blank\" rel=\"noopener noreferrer\">grupo.numesa@gmail.com<\/a>\u00a0at\u00e9 o dia 15.08 e fa\u00e7a parte desta equipe. Para qualquer d\u00favida, entre em contato conosco.<\/p>\n<div>\n<p>Esperamos a tua inscri\u00e7\u00e3o!<\/p>\n<p><a href=\"https:\/\/wp.ufpel.edu.br\/ceng\/files\/2020\/08\/116791216_3436045026428809_5507165614388295288_n.jpg\"><img class=\"aligncenter size-full wp-image-8741\" src=\"https:\/\/wp.ufpel.edu.br\/ceng\/files\/2020\/08\/116791216_3436045026428809_5507165614388295288_n.jpg\" alt=\"\" width=\"760\" height=\"534\" srcset=\"https:\/\/wp.ufpel.edu.br\/ceng\/files\/2020\/08\/116791216_3436045026428809_5507165614388295288_n.jpg 760w, https:\/\/wp.ufpel.edu.br\/ceng\/files\/2020\/08\/116791216_3436045026428809_5507165614388295288_n-400x281.jpg 400w\" sizes=\"(max-width: 760px) 100vw, 760px\" \/><\/a><\/p>\n<\/div>\n","protected":false},"excerpt":{"rendered":"<p>O grupo NUMESA \u2013 N\u00facleo Multidisciplinar de Ergonomia, Seguran\u00e7a e Acessibilidade, da UFPel, est\u00e1 selecionando um volunt\u00e1rio para o Projeto de Pesquisa Humaniza\u00e7\u00e3o em Alas Oncol\u00f3gicas do Hospital Escola. Envie seus documentos para o e-mail\u00a0grupo.numesa@gmail.com\u00a0at\u00e9 o dia 15.08 e fa\u00e7a parte desta equipe. Para qualquer d\u00favida, entre em contato conosco. Esperamos a tua inscri\u00e7\u00e3o!<\/p>\n","protected":false},"author":67,"featured_media":0,"comment_status":"closed","ping_status":"closed","sticky":false,"template":"","format":"standard","meta":{"footnotes":""},"categories":[1],"tags":[],"class_list":["post-8738","post","type-post","status-publish","format-standard","hentry","category-ultimos-posts"],"jetpack_featured_media_url":"","publishpress_future_action":{"enabled":false,"date":"2026-09-12 19:26:54","action":"change-status","newStatus":"draft","terms":[],"taxonomy":"category","extraData":[]},"publishpress_future_workflow_manual_trigger":{"enabledWorkflows":[]},"_links":{"self":[{"href":"https:\/\/wp.ufpel.edu.br\/ceng\/wp-json\/wp\/v2\/posts\/8738","targetHints":{"allow":["GET"]}}],"collection":[{"href":"https:\/\/wp.ufpel.edu.br\/ceng\/wp-json\/wp\/v2\/posts"}],"about":[{"href":"https:\/\/wp.ufpel.edu.br\/ceng\/wp-json\/wp\/v2\/types\/post"}],"author":[{"embeddable":true,"href":"https:\/\/wp.ufpel.edu.br\/ceng\/wp-json\/wp\/v2\/users\/67"}],"replies":[{"embeddable":true,"href":"https:\/\/wp.ufpel.edu.br\/ceng\/wp-json\/wp\/v2\/comments?post=8738"}],"version-history":[{"count":2,"href":"https:\/\/wp.ufpel.edu.br\/ceng\/wp-json\/wp\/v2\/posts\/8738\/revisions"}],"predecessor-version":[{"id":8742,"href":"https:\/\/wp.ufpel.edu.br\/ceng\/wp-json\/wp\/v2\/posts\/8738\/revisions\/8742"}],"wp:attachment":[{"href":"https:\/\/wp.ufpel.edu.br\/ceng\/wp-json\/wp\/v2\/media?parent=8738"}],"wp:term":[{"taxonomy":"category","embeddable":true,"href":"https:\/\/wp.ufpel.edu.br\/ceng\/wp-json\/wp\/v2\/categories?post=8738"},{"taxonomy":"post_tag","embeddable":true,"href":"https:\/\/wp.ufpel.edu.br\/ceng\/wp-json\/wp\/v2\/tags?post=8738"}],"curies":[{"name":"wp","href":"https:\/\/api.w.org\/{rel}","templated":true}]}}