{"id":8358,"date":"2020-05-21T11:25:58","date_gmt":"2020-05-21T14:25:58","guid":{"rendered":"https:\/\/wp.ufpel.edu.br\/ceng\/?p=8358"},"modified":"2020-05-21T11:25:58","modified_gmt":"2020-05-21T14:25:58","slug":"oficina-de-casos-para-ensino-e-ministrada-a-servidores-e-alunos-do-ceng","status":"publish","type":"post","link":"https:\/\/wp.ufpel.edu.br\/ceng\/oficina-de-casos-para-ensino-e-ministrada-a-servidores-e-alunos-do-ceng\/","title":{"rendered":"Oficina de Casos para Ensino \u00e9 ministrada a servidores e alunos do CEng"},"content":{"rendered":"<p>Ocorreu na tarde de ontem, dia 20\/05\/2020, a Oficina de Casos para Ensino, ministrada pelo Prof. Julio Cesar Ferro de Guimar\u00e3es.<\/p>\n<p>O evento, organizado pelo Grupo de Interlocu\u00e7\u00e3o Pedag\u00f3gica (GIP\/CEng), pelo Projeto Chave-Mestra e pelo N\u00facleo Multidisciplinar em Ergonomia, Seguran\u00e7a e Acessibilidade (NUMESA) do Centro de Engenharias\/UFPel, contou com a presen\u00e7a de aproximadamente cinquenta pessoas, entre docentes, t\u00e9cnicos e discentes do Centro de Engenharias e de outras unidades acad\u00eamicas da UFPel, al\u00e9m de docentes das Universidades do Vale do Rio dos Sinos e Federais de Pernambuco, de Santa Catarina e do Pampa.<\/p>\n<p><a href=\"https:\/\/wp.ufpel.edu.br\/ceng\/files\/2020\/05\/899d10d6-a9c3-4e3e-b98e-f823b667f328.jpeg\"><img class=\"aligncenter size-large wp-image-8360\" src=\"https:\/\/wp.ufpel.edu.br\/ceng\/files\/2020\/05\/899d10d6-a9c3-4e3e-b98e-f823b667f328-1024x460.jpeg\" alt=\"\" width=\"1024\" height=\"460\" srcset=\"https:\/\/wp.ufpel.edu.br\/ceng\/files\/2020\/05\/899d10d6-a9c3-4e3e-b98e-f823b667f328-1024x460.jpeg 1024w, https:\/\/wp.ufpel.edu.br\/ceng\/files\/2020\/05\/899d10d6-a9c3-4e3e-b98e-f823b667f328-400x180.jpeg 400w, https:\/\/wp.ufpel.edu.br\/ceng\/files\/2020\/05\/899d10d6-a9c3-4e3e-b98e-f823b667f328-768x345.jpeg 768w, https:\/\/wp.ufpel.edu.br\/ceng\/files\/2020\/05\/899d10d6-a9c3-4e3e-b98e-f823b667f328.jpeg 1280w\" sizes=\"(max-width: 1024px) 100vw, 1024px\" \/><\/a><\/p>\n","protected":false},"excerpt":{"rendered":"<p>Ocorreu na tarde de ontem, dia 20\/05\/2020, a Oficina de Casos para Ensino, ministrada pelo Prof. Julio Cesar Ferro de Guimar\u00e3es. O evento, organizado pelo Grupo de Interlocu\u00e7\u00e3o Pedag\u00f3gica (GIP\/CEng), pelo Projeto Chave-Mestra e pelo N\u00facleo Multidisciplinar em Ergonomia, Seguran\u00e7a e Acessibilidade (NUMESA) do Centro de Engenharias\/UFPel, contou com a presen\u00e7a de aproximadamente cinquenta pessoas, [&hellip;]<\/p>\n","protected":false},"author":67,"featured_media":0,"comment_status":"closed","ping_status":"closed","sticky":false,"template":"","format":"standard","meta":{"footnotes":""},"categories":[1],"tags":[],"class_list":["post-8358","post","type-post","status-publish","format-standard","hentry","category-ultimos-posts"],"jetpack_featured_media_url":"","publishpress_future_action":{"enabled":false,"date":"2026-05-04 18:05:47","action":"change-status","newStatus":"draft","terms":[],"taxonomy":"category","extraData":[]},"publishpress_future_workflow_manual_trigger":{"enabledWorkflows":[]},"_links":{"self":[{"href":"https:\/\/wp.ufpel.edu.br\/ceng\/wp-json\/wp\/v2\/posts\/8358","targetHints":{"allow":["GET"]}}],"collection":[{"href":"https:\/\/wp.ufpel.edu.br\/ceng\/wp-json\/wp\/v2\/posts"}],"about":[{"href":"https:\/\/wp.ufpel.edu.br\/ceng\/wp-json\/wp\/v2\/types\/post"}],"author":[{"embeddable":true,"href":"https:\/\/wp.ufpel.edu.br\/ceng\/wp-json\/wp\/v2\/users\/67"}],"replies":[{"embeddable":true,"href":"https:\/\/wp.ufpel.edu.br\/ceng\/wp-json\/wp\/v2\/comments?post=8358"}],"version-history":[{"count":1,"href":"https:\/\/wp.ufpel.edu.br\/ceng\/wp-json\/wp\/v2\/posts\/8358\/revisions"}],"predecessor-version":[{"id":8361,"href":"https:\/\/wp.ufpel.edu.br\/ceng\/wp-json\/wp\/v2\/posts\/8358\/revisions\/8361"}],"wp:attachment":[{"href":"https:\/\/wp.ufpel.edu.br\/ceng\/wp-json\/wp\/v2\/media?parent=8358"}],"wp:term":[{"taxonomy":"category","embeddable":true,"href":"https:\/\/wp.ufpel.edu.br\/ceng\/wp-json\/wp\/v2\/categories?post=8358"},{"taxonomy":"post_tag","embeddable":true,"href":"https:\/\/wp.ufpel.edu.br\/ceng\/wp-json\/wp\/v2\/tags?post=8358"}],"curies":[{"name":"wp","href":"https:\/\/api.w.org\/{rel}","templated":true}]}}