{"id":8353,"date":"2020-05-20T11:00:51","date_gmt":"2020-05-20T14:00:51","guid":{"rendered":"https:\/\/wp.ufpel.edu.br\/ceng\/?p=8353"},"modified":"2020-05-20T11:00:51","modified_gmt":"2020-05-20T14:00:51","slug":"projeto-chave-mestra-do-ceng-e-contemplado-em-chamada-publica-do-parque-tecnologico","status":"publish","type":"post","link":"https:\/\/wp.ufpel.edu.br\/ceng\/projeto-chave-mestra-do-ceng-e-contemplado-em-chamada-publica-do-parque-tecnologico\/","title":{"rendered":"Projeto Chave Mestra do CEng \u00e9 contemplado em Chamada P\u00fablica do Parque Tecnol\u00f3gico"},"content":{"rendered":"<p>Comunicamos, com orgulho, que o Projeto Chave Mestra, coordenado pela Professora Larissa Bolzan, foi uma das propostas contempladas pela Chamada P\u00fablica 01\/2020, no \u00e2mbito do Programa Parque Ativo.<\/p>\n<p>Parab\u00e9ns \u00e0 equipe do projeto!<\/p>\n<p><a href=\"https:\/\/wp.ufpel.edu.br\/ceng\/files\/2020\/05\/b24c0b46-b354-4244-82ea-5cf2f52f58d8.jpeg\"><img class=\"aligncenter size-full wp-image-8355\" src=\"https:\/\/wp.ufpel.edu.br\/ceng\/files\/2020\/05\/b24c0b46-b354-4244-82ea-5cf2f52f58d8.jpeg\" alt=\"\" width=\"718\" height=\"443\" srcset=\"https:\/\/wp.ufpel.edu.br\/ceng\/files\/2020\/05\/b24c0b46-b354-4244-82ea-5cf2f52f58d8.jpeg 718w, https:\/\/wp.ufpel.edu.br\/ceng\/files\/2020\/05\/b24c0b46-b354-4244-82ea-5cf2f52f58d8-400x247.jpeg 400w\" sizes=\"(max-width: 718px) 100vw, 718px\" \/><\/a> <a href=\"https:\/\/wp.ufpel.edu.br\/ceng\/files\/2020\/05\/a8d6e50c-4a48-413d-90b1-57bf24bd7f53.jpeg\"><img class=\"aligncenter size-large wp-image-8356\" src=\"https:\/\/wp.ufpel.edu.br\/ceng\/files\/2020\/05\/a8d6e50c-4a48-413d-90b1-57bf24bd7f53-1024x766.jpeg\" alt=\"\" width=\"1024\" height=\"766\" srcset=\"https:\/\/wp.ufpel.edu.br\/ceng\/files\/2020\/05\/a8d6e50c-4a48-413d-90b1-57bf24bd7f53-1024x766.jpeg 1024w, https:\/\/wp.ufpel.edu.br\/ceng\/files\/2020\/05\/a8d6e50c-4a48-413d-90b1-57bf24bd7f53-400x299.jpeg 400w, https:\/\/wp.ufpel.edu.br\/ceng\/files\/2020\/05\/a8d6e50c-4a48-413d-90b1-57bf24bd7f53-768x575.jpeg 768w, https:\/\/wp.ufpel.edu.br\/ceng\/files\/2020\/05\/a8d6e50c-4a48-413d-90b1-57bf24bd7f53.jpeg 1280w\" sizes=\"(max-width: 1024px) 100vw, 1024px\" \/><\/a><\/p>\n","protected":false},"excerpt":{"rendered":"<p>Comunicamos, com orgulho, que o Projeto Chave Mestra, coordenado pela Professora Larissa Bolzan, foi uma das propostas contempladas pela Chamada P\u00fablica 01\/2020, no \u00e2mbito do Programa Parque Ativo. Parab\u00e9ns \u00e0 equipe do projeto!<\/p>\n","protected":false},"author":67,"featured_media":0,"comment_status":"closed","ping_status":"closed","sticky":false,"template":"","format":"standard","meta":{"footnotes":""},"categories":[1],"tags":[],"class_list":["post-8353","post","type-post","status-publish","format-standard","hentry","category-ultimos-posts"],"jetpack_featured_media_url":"","publishpress_future_action":{"enabled":false,"date":"2026-05-04 07:18:07","action":"change-status","newStatus":"draft","terms":[],"taxonomy":"category","extraData":[]},"publishpress_future_workflow_manual_trigger":{"enabledWorkflows":[]},"_links":{"self":[{"href":"https:\/\/wp.ufpel.edu.br\/ceng\/wp-json\/wp\/v2\/posts\/8353","targetHints":{"allow":["GET"]}}],"collection":[{"href":"https:\/\/wp.ufpel.edu.br\/ceng\/wp-json\/wp\/v2\/posts"}],"about":[{"href":"https:\/\/wp.ufpel.edu.br\/ceng\/wp-json\/wp\/v2\/types\/post"}],"author":[{"embeddable":true,"href":"https:\/\/wp.ufpel.edu.br\/ceng\/wp-json\/wp\/v2\/users\/67"}],"replies":[{"embeddable":true,"href":"https:\/\/wp.ufpel.edu.br\/ceng\/wp-json\/wp\/v2\/comments?post=8353"}],"version-history":[{"count":1,"href":"https:\/\/wp.ufpel.edu.br\/ceng\/wp-json\/wp\/v2\/posts\/8353\/revisions"}],"predecessor-version":[{"id":8357,"href":"https:\/\/wp.ufpel.edu.br\/ceng\/wp-json\/wp\/v2\/posts\/8353\/revisions\/8357"}],"wp:attachment":[{"href":"https:\/\/wp.ufpel.edu.br\/ceng\/wp-json\/wp\/v2\/media?parent=8353"}],"wp:term":[{"taxonomy":"category","embeddable":true,"href":"https:\/\/wp.ufpel.edu.br\/ceng\/wp-json\/wp\/v2\/categories?post=8353"},{"taxonomy":"post_tag","embeddable":true,"href":"https:\/\/wp.ufpel.edu.br\/ceng\/wp-json\/wp\/v2\/tags?post=8353"}],"curies":[{"name":"wp","href":"https:\/\/api.w.org\/{rel}","templated":true}]}}