{"id":7669,"date":"2019-11-26T10:07:03","date_gmt":"2019-11-26T13:07:03","guid":{"rendered":"https:\/\/wp.ufpel.edu.br\/ceng\/?p=7669"},"modified":"2019-11-26T10:07:03","modified_gmt":"2019-11-26T13:07:03","slug":"novos-encontros-do-projeto-estudos-dirigidos-em-matematica-aplicada-e-aplicacoes-a-eng","status":"publish","type":"post","link":"https:\/\/wp.ufpel.edu.br\/ceng\/novos-encontros-do-projeto-estudos-dirigidos-em-matematica-aplicada-e-aplicacoes-a-eng\/","title":{"rendered":"Novos encontros do Projeto &#8220;Estudos Dirigidos em Matem\u00e1tica Aplicada e Aplica\u00e7\u00f5es \u00e0 Eng.&#8221;"},"content":{"rendered":"<div>\n<hr \/>\n<\/div>\n<div><span style=\"font-family: georgia, palatino, serif;color: #000000\"><strong>C\u00e1lculo A :<br \/>\n<\/strong>Sexta-feira 29\/11, sala 600 do pr\u00e9dio do CEng (COTADA) das 08:30 at\u00e9 \u00a0\u00e0s 10:00.<\/span><\/div>\n<div><span style=\"font-family: georgia, palatino, serif;color: #000000\">Inscri\u00e7\u00f5es e mais informa\u00e7\u00f5es:\u00a0<a style=\"color: #000000\" href=\"https:\/\/forms.gle\/mwz787uRot2FsTH77\" target=\"_blank\" rel=\"noopener noreferrer\" data-saferedirecturl=\"https:\/\/www.google.com\/url?q=https:\/\/forms.gle\/mwz787uRot2FsTH77&amp;source=gmail&amp;ust=1574855475077000&amp;usg=AFQjCNFDMa5qby2KnApaEe0PxoCgkFcSvA\">https:\/\/forms.gle\/mwz787uRot2FsTH77<\/a><\/span><\/div>\n<div><\/div>\n<div><span style=\"font-family: georgia, palatino, serif;color: #000000\"><strong>C\u00e1lculo B :<br \/>\n<\/strong>Quinta-feira 28\/11, sala 700 do pr\u00e9dio do CEng (COTADA) das 13:30 at\u00e9 \u00a0\u00e0s 15:00.<\/span><\/div>\n<div><span style=\"font-family: georgia, palatino, serif;color: #000000\">Inscri\u00e7\u00f5es e mais informa\u00e7\u00f5es:\u00a0<a style=\"color: #000000\" href=\"https:\/\/forms.gle\/tbRX9Mrs5YLrcXSG7\" target=\"_blank\" rel=\"noopener noreferrer\" data-saferedirecturl=\"https:\/\/www.google.com\/url?q=https:\/\/forms.gle\/tbRX9Mrs5YLrcXSG7&amp;source=gmail&amp;ust=1574855475078000&amp;usg=AFQjCNHF2k_hNryM1cIVIrPSVmk0nvQoNA\">https:\/\/forms.gle\/tbRX9Mrs5YLrcXSG7<\/a><\/span><\/div>\n<div>\n<hr \/>\n<\/div>\n<div><\/div>\n<div><a href=\"https:\/\/wp.ufpel.edu.br\/ceng\/files\/2019\/11\/computac3a7c3a3o-e-matemc3a1tica.jpg\"><img class=\"aligncenter  wp-image-7685\" src=\"https:\/\/wp.ufpel.edu.br\/ceng\/files\/2019\/11\/computac3a7c3a3o-e-matemc3a1tica.jpg\" alt=\"\" width=\"689\" height=\"460\" srcset=\"https:\/\/wp.ufpel.edu.br\/ceng\/files\/2019\/11\/computac3a7c3a3o-e-matemc3a1tica.jpg 550w, https:\/\/wp.ufpel.edu.br\/ceng\/files\/2019\/11\/computac3a7c3a3o-e-matemc3a1tica-400x267.jpg 400w\" sizes=\"(max-width: 689px) 100vw, 689px\" \/><\/a><\/div>\n","protected":false},"excerpt":{"rendered":"<p>C\u00e1lculo A : Sexta-feira 29\/11, sala 600 do pr\u00e9dio do CEng (COTADA) das 08:30 at\u00e9 \u00a0\u00e0s 10:00. Inscri\u00e7\u00f5es e mais informa\u00e7\u00f5es:\u00a0https:\/\/forms.gle\/mwz787uRot2FsTH77 C\u00e1lculo B : Quinta-feira 28\/11, sala 700 do pr\u00e9dio do CEng (COTADA) das 13:30 at\u00e9 \u00a0\u00e0s 15:00. Inscri\u00e7\u00f5es e mais informa\u00e7\u00f5es:\u00a0https:\/\/forms.gle\/tbRX9Mrs5YLrcXSG7<\/p>\n","protected":false},"author":67,"featured_media":7685,"comment_status":"closed","ping_status":"closed","sticky":false,"template":"","format":"standard","meta":{"footnotes":""},"categories":[1],"tags":[],"class_list":["post-7669","post","type-post","status-publish","format-standard","has-post-thumbnail","hentry","category-ultimos-posts"],"jetpack_featured_media_url":"https:\/\/wp.ufpel.edu.br\/ceng\/files\/2019\/11\/computac3a7c3a3o-e-matemc3a1tica.jpg","publishpress_future_action":{"enabled":false,"date":"2026-05-05 16:28:00","action":"change-status","newStatus":"draft","terms":[],"taxonomy":"category","extraData":[]},"publishpress_future_workflow_manual_trigger":{"enabledWorkflows":[]},"_links":{"self":[{"href":"https:\/\/wp.ufpel.edu.br\/ceng\/wp-json\/wp\/v2\/posts\/7669","targetHints":{"allow":["GET"]}}],"collection":[{"href":"https:\/\/wp.ufpel.edu.br\/ceng\/wp-json\/wp\/v2\/posts"}],"about":[{"href":"https:\/\/wp.ufpel.edu.br\/ceng\/wp-json\/wp\/v2\/types\/post"}],"author":[{"embeddable":true,"href":"https:\/\/wp.ufpel.edu.br\/ceng\/wp-json\/wp\/v2\/users\/67"}],"replies":[{"embeddable":true,"href":"https:\/\/wp.ufpel.edu.br\/ceng\/wp-json\/wp\/v2\/comments?post=7669"}],"version-history":[{"count":19,"href":"https:\/\/wp.ufpel.edu.br\/ceng\/wp-json\/wp\/v2\/posts\/7669\/revisions"}],"predecessor-version":[{"id":7693,"href":"https:\/\/wp.ufpel.edu.br\/ceng\/wp-json\/wp\/v2\/posts\/7669\/revisions\/7693"}],"wp:featuredmedia":[{"embeddable":true,"href":"https:\/\/wp.ufpel.edu.br\/ceng\/wp-json\/wp\/v2\/media\/7685"}],"wp:attachment":[{"href":"https:\/\/wp.ufpel.edu.br\/ceng\/wp-json\/wp\/v2\/media?parent=7669"}],"wp:term":[{"taxonomy":"category","embeddable":true,"href":"https:\/\/wp.ufpel.edu.br\/ceng\/wp-json\/wp\/v2\/categories?post=7669"},{"taxonomy":"post_tag","embeddable":true,"href":"https:\/\/wp.ufpel.edu.br\/ceng\/wp-json\/wp\/v2\/tags?post=7669"}],"curies":[{"name":"wp","href":"https:\/\/api.w.org\/{rel}","templated":true}]}}