{"id":7510,"date":"2019-10-25T10:57:30","date_gmt":"2019-10-25T13:57:30","guid":{"rendered":"https:\/\/wp.ufpel.edu.br\/ceng\/?p=7510"},"modified":"2019-10-29T08:23:19","modified_gmt":"2019-10-29T11:23:19","slug":"egresso-da-engenharia-eletronica-apresenta-trabalho-na-ufsc","status":"publish","type":"post","link":"https:\/\/wp.ufpel.edu.br\/ceng\/egresso-da-engenharia-eletronica-apresenta-trabalho-na-ufsc\/","title":{"rendered":"Egresso da Engenharia Eletr\u00f4nica apresenta trabalho na UFSC"},"content":{"rendered":"<p>Com orgulho, o Centro de Engenharias comunica e convida para a apresenta\u00e7\u00e3o do trabalho intitulado TRANSFER\u00caNCIA DE ENERGIA SEM FIO POR ACOPLAMENTO INDUTIVO PARA VE\u00cdCULOS EL\u00c9TRICOS, do Engenheiro Eletr\u00f4nico Filipe<\/p>\n<p>Com orgulho, o Centro de Engenharias divulga a apresenta\u00e7\u00e3o do trabalho intitulado TRANSFER\u00caNCIA DE ENERGIA SEM FIO POR ACOPLAMENTO INDUTIVO PARA VE\u00cdCULOS EL\u00c9TRICOS, do Engenheiro Eletr\u00f4nico Filipe Tavares Carneiro. A apresenta\u00e7\u00e3o ocorrer\u00e1 no dia 01\/11\/2019, no Audit\u00f3rio do Laborat\u00f3rio Fotovoltaica da UFSC Sapiens Parque, em Florian\u00f3polis\/SC, com transmiss\u00e3o ao vivo.<\/p>\n<p>Trata-se de um importante trabalho de pesquisa que est\u00e1 sendo desenvolvido em um dos centros mais relevantes do pais em pesquisas na \u00e1rea de aproveitamento de energia fotovoltaica.<\/p>\n<p>Filipe concluiu seu curso de Engenharia Eletr\u00f4nica em 2018 e desenvolveu um trabalho de conclus\u00e3o de curso, na \u00e1rea de Eletr\u00f4nica de Pot\u00eancia, intitulado: Fonte de Alimenta\u00e7\u00e3o Chaveada com Alto Fator de Pot\u00eancia, sob a orienta\u00e7\u00e3o do Prof. Claudio Manoel da Cunha Duarte.<\/p>\n<div><a href=\"https:\/\/wp.ufpel.edu.br\/ceng\/files\/2019\/10\/Apresenta\u00e7\u00e3o-1.jpg\"><img class=\"aligncenter size-large wp-image-7520\" src=\"https:\/\/wp.ufpel.edu.br\/ceng\/files\/2019\/10\/Apresenta\u00e7\u00e3o-1-1024x582.jpg\" alt=\"\" width=\"1024\" height=\"582\" srcset=\"https:\/\/wp.ufpel.edu.br\/ceng\/files\/2019\/10\/Apresenta\u00e7\u00e3o-1-1024x582.jpg 1024w, https:\/\/wp.ufpel.edu.br\/ceng\/files\/2019\/10\/Apresenta\u00e7\u00e3o-1-400x227.jpg 400w, https:\/\/wp.ufpel.edu.br\/ceng\/files\/2019\/10\/Apresenta\u00e7\u00e3o-1-768x436.jpg 768w\" sizes=\"(max-width: 1024px) 100vw, 1024px\" \/><\/a><\/div>\n","protected":false},"excerpt":{"rendered":"<p>Com orgulho, o Centro de Engenharias comunica e convida para a apresenta\u00e7\u00e3o do trabalho intitulado TRANSFER\u00caNCIA DE ENERGIA SEM FIO POR ACOPLAMENTO INDUTIVO PARA VE\u00cdCULOS EL\u00c9TRICOS, do Engenheiro Eletr\u00f4nico Filipe Com orgulho, o Centro de Engenharias divulga a apresenta\u00e7\u00e3o do trabalho intitulado TRANSFER\u00caNCIA DE ENERGIA SEM FIO POR ACOPLAMENTO INDUTIVO PARA VE\u00cdCULOS EL\u00c9TRICOS, do Engenheiro [&hellip;]<\/p>\n","protected":false},"author":67,"featured_media":0,"comment_status":"closed","ping_status":"closed","sticky":false,"template":"","format":"standard","meta":{"footnotes":""},"categories":[1],"tags":[],"class_list":["post-7510","post","type-post","status-publish","format-standard","hentry","category-ultimos-posts"],"jetpack_featured_media_url":"","publishpress_future_action":{"enabled":false,"date":"2026-05-03 19:27:41","action":"change-status","newStatus":"draft","terms":[],"taxonomy":"category","extraData":[]},"publishpress_future_workflow_manual_trigger":{"enabledWorkflows":[]},"_links":{"self":[{"href":"https:\/\/wp.ufpel.edu.br\/ceng\/wp-json\/wp\/v2\/posts\/7510","targetHints":{"allow":["GET"]}}],"collection":[{"href":"https:\/\/wp.ufpel.edu.br\/ceng\/wp-json\/wp\/v2\/posts"}],"about":[{"href":"https:\/\/wp.ufpel.edu.br\/ceng\/wp-json\/wp\/v2\/types\/post"}],"author":[{"embeddable":true,"href":"https:\/\/wp.ufpel.edu.br\/ceng\/wp-json\/wp\/v2\/users\/67"}],"replies":[{"embeddable":true,"href":"https:\/\/wp.ufpel.edu.br\/ceng\/wp-json\/wp\/v2\/comments?post=7510"}],"version-history":[{"count":5,"href":"https:\/\/wp.ufpel.edu.br\/ceng\/wp-json\/wp\/v2\/posts\/7510\/revisions"}],"predecessor-version":[{"id":7522,"href":"https:\/\/wp.ufpel.edu.br\/ceng\/wp-json\/wp\/v2\/posts\/7510\/revisions\/7522"}],"wp:attachment":[{"href":"https:\/\/wp.ufpel.edu.br\/ceng\/wp-json\/wp\/v2\/media?parent=7510"}],"wp:term":[{"taxonomy":"category","embeddable":true,"href":"https:\/\/wp.ufpel.edu.br\/ceng\/wp-json\/wp\/v2\/categories?post=7510"},{"taxonomy":"post_tag","embeddable":true,"href":"https:\/\/wp.ufpel.edu.br\/ceng\/wp-json\/wp\/v2\/tags?post=7510"}],"curies":[{"name":"wp","href":"https:\/\/api.w.org\/{rel}","templated":true}]}}