{"id":743,"date":"2014-11-05T16:46:50","date_gmt":"2014-11-05T18:46:50","guid":{"rendered":"https:\/\/wp.ufpel.edu.br\/ceng\/?p=743"},"modified":"2016-10-04T18:10:25","modified_gmt":"2016-10-04T21:10:25","slug":"avaliacao-para-promocao-funcional","status":"publish","type":"post","link":"https:\/\/wp.ufpel.edu.br\/ceng\/avaliacao-para-promocao-funcional\/","title":{"rendered":"Avalia\u00e7\u00e3o para Promo\u00e7\u00e3o Funcional"},"content":{"rendered":"<p>Nos dias 06 e 07\/11 ocorrer\u00e1 avalia\u00e7\u00e3o para Promo\u00e7\u00e3o Funcional para classe E titular dos professores Carlos Alberto Silveira da Luz e Adelir Jos\u00e9 Strieder.<\/p>\n<p>Local: Pr\u00e9dio da Alf\u00e2ndega<br \/>\nSala 5<\/p>\n<p>Hor\u00e1rios:<br \/>\nDia 06\/11 &#8211; 14h<br \/>\nDia 07\/11 &#8211; 8h<\/p>\n","protected":false},"excerpt":{"rendered":"<p>Nos dias 06 e 07\/11 ocorrer\u00e1 avalia\u00e7\u00e3o para Promo\u00e7\u00e3o Funcional para classe E titular dos professores Carlos Alberto Silveira da Luz e Adelir Jos\u00e9 Strieder. Local: Pr\u00e9dio da Alf\u00e2ndega Sala 5 Hor\u00e1rios: Dia 06\/11 &#8211; 14h Dia 07\/11 &#8211; 8h<\/p>\n","protected":false},"author":67,"featured_media":0,"comment_status":"closed","ping_status":"closed","sticky":false,"template":"","format":"standard","meta":{"footnotes":""},"categories":[1],"tags":[48828,48827],"class_list":["post-743","post","type-post","status-publish","format-standard","hentry","category-ultimos-posts","tag-banca","tag-promocao-funcional"],"jetpack_featured_media_url":"","publishpress_future_action":{"enabled":false,"date":"2026-05-05 00:48:55","action":"change-status","newStatus":"draft","terms":[],"taxonomy":"category","extraData":[]},"publishpress_future_workflow_manual_trigger":{"enabledWorkflows":[]},"_links":{"self":[{"href":"https:\/\/wp.ufpel.edu.br\/ceng\/wp-json\/wp\/v2\/posts\/743","targetHints":{"allow":["GET"]}}],"collection":[{"href":"https:\/\/wp.ufpel.edu.br\/ceng\/wp-json\/wp\/v2\/posts"}],"about":[{"href":"https:\/\/wp.ufpel.edu.br\/ceng\/wp-json\/wp\/v2\/types\/post"}],"author":[{"embeddable":true,"href":"https:\/\/wp.ufpel.edu.br\/ceng\/wp-json\/wp\/v2\/users\/67"}],"replies":[{"embeddable":true,"href":"https:\/\/wp.ufpel.edu.br\/ceng\/wp-json\/wp\/v2\/comments?post=743"}],"version-history":[{"count":1,"href":"https:\/\/wp.ufpel.edu.br\/ceng\/wp-json\/wp\/v2\/posts\/743\/revisions"}],"predecessor-version":[{"id":744,"href":"https:\/\/wp.ufpel.edu.br\/ceng\/wp-json\/wp\/v2\/posts\/743\/revisions\/744"}],"wp:attachment":[{"href":"https:\/\/wp.ufpel.edu.br\/ceng\/wp-json\/wp\/v2\/media?parent=743"}],"wp:term":[{"taxonomy":"category","embeddable":true,"href":"https:\/\/wp.ufpel.edu.br\/ceng\/wp-json\/wp\/v2\/categories?post=743"},{"taxonomy":"post_tag","embeddable":true,"href":"https:\/\/wp.ufpel.edu.br\/ceng\/wp-json\/wp\/v2\/tags?post=743"}],"curies":[{"name":"wp","href":"https:\/\/api.w.org\/{rel}","templated":true}]}}