{"id":740,"date":"2014-11-05T13:03:27","date_gmt":"2014-11-05T15:03:27","guid":{"rendered":"https:\/\/wp.ufpel.edu.br\/ceng\/?p=740"},"modified":"2016-10-04T18:10:41","modified_gmt":"2016-10-04T21:10:41","slug":"programa-de-estagio-da-yara-brasil-2015","status":"publish","type":"post","link":"https:\/\/wp.ufpel.edu.br\/ceng\/programa-de-estagio-da-yara-brasil-2015\/","title":{"rendered":"Programa de Est\u00e1gio da Yara Brasil &#8211; 2015"},"content":{"rendered":"<p>A Yara Brasil est\u00e1 com prazo de inscri\u00e7\u00f5es aberto para o Programa de Est\u00e1gio 2015, para a Unidade de Rio Grande\/RS.<\/p>\n<p>Mais informa\u00e7\u00f5es podem ser encontradas no arquivo anexo.<\/p>\n<p><a href=\"https:\/\/wp.ufpel.edu.br\/ceng\/files\/2014\/11\/Programa-estagios-2015-RIG_NEW.pdf\">Programa-estagios-2015-RIG_NEW<\/a><\/p>\n","protected":false},"excerpt":{"rendered":"<p>A Yara Brasil est\u00e1 com prazo de inscri\u00e7\u00f5es aberto para o Programa de Est\u00e1gio 2015, para a Unidade de Rio Grande\/RS. Mais informa\u00e7\u00f5es podem ser encontradas no arquivo anexo. Programa-estagios-2015-RIG_NEW<\/p>\n","protected":false},"author":67,"featured_media":0,"comment_status":"closed","ping_status":"closed","sticky":false,"template":"","format":"standard","meta":{"footnotes":""},"categories":[1],"tags":[16529],"class_list":["post-740","post","type-post","status-publish","format-standard","hentry","category-ultimos-posts","tag-estagio"],"jetpack_featured_media_url":"","publishpress_future_action":{"enabled":false,"date":"2026-05-07 09:16:31","action":"change-status","newStatus":"draft","terms":[],"taxonomy":"category","extraData":[]},"publishpress_future_workflow_manual_trigger":{"enabledWorkflows":[]},"_links":{"self":[{"href":"https:\/\/wp.ufpel.edu.br\/ceng\/wp-json\/wp\/v2\/posts\/740","targetHints":{"allow":["GET"]}}],"collection":[{"href":"https:\/\/wp.ufpel.edu.br\/ceng\/wp-json\/wp\/v2\/posts"}],"about":[{"href":"https:\/\/wp.ufpel.edu.br\/ceng\/wp-json\/wp\/v2\/types\/post"}],"author":[{"embeddable":true,"href":"https:\/\/wp.ufpel.edu.br\/ceng\/wp-json\/wp\/v2\/users\/67"}],"replies":[{"embeddable":true,"href":"https:\/\/wp.ufpel.edu.br\/ceng\/wp-json\/wp\/v2\/comments?post=740"}],"version-history":[{"count":1,"href":"https:\/\/wp.ufpel.edu.br\/ceng\/wp-json\/wp\/v2\/posts\/740\/revisions"}],"predecessor-version":[{"id":742,"href":"https:\/\/wp.ufpel.edu.br\/ceng\/wp-json\/wp\/v2\/posts\/740\/revisions\/742"}],"wp:attachment":[{"href":"https:\/\/wp.ufpel.edu.br\/ceng\/wp-json\/wp\/v2\/media?parent=740"}],"wp:term":[{"taxonomy":"category","embeddable":true,"href":"https:\/\/wp.ufpel.edu.br\/ceng\/wp-json\/wp\/v2\/categories?post=740"},{"taxonomy":"post_tag","embeddable":true,"href":"https:\/\/wp.ufpel.edu.br\/ceng\/wp-json\/wp\/v2\/tags?post=740"}],"curies":[{"name":"wp","href":"https:\/\/api.w.org\/{rel}","templated":true}]}}