{"id":7262,"date":"2019-09-19T14:05:38","date_gmt":"2019-09-19T17:05:38","guid":{"rendered":"https:\/\/wp.ufpel.edu.br\/ceng\/?p=7262"},"modified":"2019-09-19T14:21:34","modified_gmt":"2019-09-19T17:21:34","slug":"vertice-jr-empresa-jr-da-engenharia-civil-esta-com-processo-seletivo-aberto-para-novos-membros","status":"publish","type":"post","link":"https:\/\/wp.ufpel.edu.br\/ceng\/vertice-jr-empresa-jr-da-engenharia-civil-esta-com-processo-seletivo-aberto-para-novos-membros\/","title":{"rendered":"V\u00e9rtice Jr. &#8211; Empresa Jr. da Engenharia Civil est\u00e1 com processo seletivo aberto para novos membros"},"content":{"rendered":"<p>A V\u00e9rtice, Empresa Jr. da Engenharia Civil est\u00e1 a procura de novos membros. Se voc\u00ea tem interesse ou conhece algu\u00e9m que esteja disposto a refor\u00e7ar esse time e em troca ganhar muito conhecimento, se inscreva no processo seletivo.<br \/>\nO link para inscri\u00e7\u00e3o est\u00e1 dispon\u00edvel no edital e h\u00e1 vagas para diversos cursos! As inscri\u00e7\u00f5es ocorrer\u00e3o do dia 18\/09 a 02\/10. Participe!<\/p>\n<p>Para o CEng, as vagas dispon\u00edveis s\u00e3o:<br \/>\n3 Vagas para o Curso de Engenharia Civil;<br \/>\n1 Vagas para o Curso de Engenharia de Produ\u00e7\u00e3o;<br \/>\n1 Vagas para o Curso de Engenharia Agr\u00edcola.<\/p>\n<p>Acesse o edital: <a href=\"https:\/\/drive.google.com\/open?id=1wWRwYkYpvf5dtdddvvydtevJJE5KB05q0yrr579MoJI&amp;fbclid=IwAR1aYP76MOUMh3kcpCFYH8NtyADKKEmNpJ8C8WqVMveaEbQxtyeyul6-ZTA\">Edital &#8211; 2019\/2 &#8211; V\u00e9rtice<\/a><\/p>\n<p><a href=\"https:\/\/wp.ufpel.edu.br\/ceng\/files\/2019\/09\/PROCESSO-SELETIVO.jpg\"><img class=\"aligncenter size-full wp-image-7264\" src=\"https:\/\/wp.ufpel.edu.br\/ceng\/files\/2019\/09\/PROCESSO-SELETIVO.jpg\" alt=\"\" width=\"960\" height=\"960\" srcset=\"https:\/\/wp.ufpel.edu.br\/ceng\/files\/2019\/09\/PROCESSO-SELETIVO.jpg 960w, https:\/\/wp.ufpel.edu.br\/ceng\/files\/2019\/09\/PROCESSO-SELETIVO-200x200.jpg 200w, https:\/\/wp.ufpel.edu.br\/ceng\/files\/2019\/09\/PROCESSO-SELETIVO-400x400.jpg 400w, https:\/\/wp.ufpel.edu.br\/ceng\/files\/2019\/09\/PROCESSO-SELETIVO-768x768.jpg 768w\" sizes=\"(max-width: 960px) 100vw, 960px\" \/><\/a><\/p>\n","protected":false},"excerpt":{"rendered":"<p>A V\u00e9rtice, Empresa Jr. da Engenharia Civil est\u00e1 a procura de novos membros. Se voc\u00ea tem interesse ou conhece algu\u00e9m que esteja disposto a refor\u00e7ar esse time e em troca ganhar muito conhecimento, se inscreva no processo seletivo. O link para inscri\u00e7\u00e3o est\u00e1 dispon\u00edvel no edital e h\u00e1 vagas para diversos cursos! As inscri\u00e7\u00f5es ocorrer\u00e3o [&hellip;]<\/p>\n","protected":false},"author":67,"featured_media":7264,"comment_status":"closed","ping_status":"closed","sticky":false,"template":"","format":"standard","meta":{"footnotes":""},"categories":[1],"tags":[],"class_list":["post-7262","post","type-post","status-publish","format-standard","has-post-thumbnail","hentry","category-ultimos-posts"],"jetpack_featured_media_url":"https:\/\/wp.ufpel.edu.br\/ceng\/files\/2019\/09\/PROCESSO-SELETIVO.jpg","publishpress_future_action":{"enabled":false,"date":"2026-05-06 06:26:52","action":"change-status","newStatus":"draft","terms":[],"taxonomy":"category","extraData":[]},"publishpress_future_workflow_manual_trigger":{"enabledWorkflows":[]},"_links":{"self":[{"href":"https:\/\/wp.ufpel.edu.br\/ceng\/wp-json\/wp\/v2\/posts\/7262","targetHints":{"allow":["GET"]}}],"collection":[{"href":"https:\/\/wp.ufpel.edu.br\/ceng\/wp-json\/wp\/v2\/posts"}],"about":[{"href":"https:\/\/wp.ufpel.edu.br\/ceng\/wp-json\/wp\/v2\/types\/post"}],"author":[{"embeddable":true,"href":"https:\/\/wp.ufpel.edu.br\/ceng\/wp-json\/wp\/v2\/users\/67"}],"replies":[{"embeddable":true,"href":"https:\/\/wp.ufpel.edu.br\/ceng\/wp-json\/wp\/v2\/comments?post=7262"}],"version-history":[{"count":2,"href":"https:\/\/wp.ufpel.edu.br\/ceng\/wp-json\/wp\/v2\/posts\/7262\/revisions"}],"predecessor-version":[{"id":7266,"href":"https:\/\/wp.ufpel.edu.br\/ceng\/wp-json\/wp\/v2\/posts\/7262\/revisions\/7266"}],"wp:featuredmedia":[{"embeddable":true,"href":"https:\/\/wp.ufpel.edu.br\/ceng\/wp-json\/wp\/v2\/media\/7264"}],"wp:attachment":[{"href":"https:\/\/wp.ufpel.edu.br\/ceng\/wp-json\/wp\/v2\/media?parent=7262"}],"wp:term":[{"taxonomy":"category","embeddable":true,"href":"https:\/\/wp.ufpel.edu.br\/ceng\/wp-json\/wp\/v2\/categories?post=7262"},{"taxonomy":"post_tag","embeddable":true,"href":"https:\/\/wp.ufpel.edu.br\/ceng\/wp-json\/wp\/v2\/tags?post=7262"}],"curies":[{"name":"wp","href":"https:\/\/api.w.org\/{rel}","templated":true}]}}