{"id":7249,"date":"2019-09-16T08:29:24","date_gmt":"2019-09-16T11:29:24","guid":{"rendered":"https:\/\/wp.ufpel.edu.br\/ceng\/?p=7249"},"modified":"2019-09-17T11:32:46","modified_gmt":"2019-09-17T14:32:46","slug":"homologacao-das-inscricoes-para-o-colegiado-da-eng-de-producao","status":"publish","type":"post","link":"https:\/\/wp.ufpel.edu.br\/ceng\/homologacao-das-inscricoes-para-o-colegiado-da-eng-de-producao\/","title":{"rendered":"Homologa\u00e7\u00e3o das inscri\u00e7\u00f5es para o colegiado da Eng. de Produ\u00e7\u00e3o"},"content":{"rendered":"<p>A comiss\u00e3o eleitoral para escolha de REPRESENTA\u00c7\u00c3O DOCENTE NO COLEGIADO DE CURSO DE ENGENHARIA DE PRODU\u00c7\u00c3O, processo SEI n\u00ba <b>23110.038361\/2019-03<\/b>, em suas atribui\u00e7\u00f5es, DEFERE as inscri\u00e7\u00f5es abaixo relacionadas.<\/p>\n<div>\n<table border=\"1\" cellspacing=\"0\" cellpadding=\"0\">\n<tbody>\n<tr>\n<td><strong>Docente<\/strong><\/td>\n<td><strong>\u00c1rea<\/strong><\/td>\n<\/tr>\n<tr>\n<td>Gilson Sim\u00f5es Porci\u00fancula<\/td>\n<td>PROFISSIONALIZANTE ESPEC\u00cdFICA<\/td>\n<\/tr>\n<tr>\n<td>Larissa Medianeira Bolzan<\/td>\n<td>PROFISSIONALIZANTE ESPEC\u00cdFICA<\/td>\n<\/tr>\n<tr>\n<td>Renata Heidtmann Bemvenuti<\/td>\n<td>B\u00c1SICA<\/td>\n<\/tr>\n<tr>\n<td>Aline Soares Pereira<\/td>\n<td>PROFISSIONALIZANTE<\/td>\n<\/tr>\n<\/tbody>\n<\/table>\n<\/div>\n","protected":false},"excerpt":{"rendered":"<p>A comiss\u00e3o eleitoral para escolha de REPRESENTA\u00c7\u00c3O DOCENTE NO COLEGIADO DE CURSO DE ENGENHARIA DE PRODU\u00c7\u00c3O, processo SEI n\u00ba 23110.038361\/2019-03, em suas atribui\u00e7\u00f5es, DEFERE as inscri\u00e7\u00f5es abaixo relacionadas. Docente \u00c1rea Gilson Sim\u00f5es Porci\u00fancula PROFISSIONALIZANTE ESPEC\u00cdFICA Larissa Medianeira Bolzan PROFISSIONALIZANTE ESPEC\u00cdFICA Renata Heidtmann Bemvenuti B\u00c1SICA Aline Soares Pereira PROFISSIONALIZANTE<\/p>\n","protected":false},"author":67,"featured_media":0,"comment_status":"closed","ping_status":"closed","sticky":false,"template":"","format":"standard","meta":{"footnotes":""},"categories":[1],"tags":[],"class_list":["post-7249","post","type-post","status-publish","format-standard","hentry","category-ultimos-posts"],"jetpack_featured_media_url":"","publishpress_future_action":{"enabled":false,"date":"2026-05-04 00:36:48","action":"change-status","newStatus":"draft","terms":[],"taxonomy":"category","extraData":[]},"publishpress_future_workflow_manual_trigger":{"enabledWorkflows":[]},"_links":{"self":[{"href":"https:\/\/wp.ufpel.edu.br\/ceng\/wp-json\/wp\/v2\/posts\/7249","targetHints":{"allow":["GET"]}}],"collection":[{"href":"https:\/\/wp.ufpel.edu.br\/ceng\/wp-json\/wp\/v2\/posts"}],"about":[{"href":"https:\/\/wp.ufpel.edu.br\/ceng\/wp-json\/wp\/v2\/types\/post"}],"author":[{"embeddable":true,"href":"https:\/\/wp.ufpel.edu.br\/ceng\/wp-json\/wp\/v2\/users\/67"}],"replies":[{"embeddable":true,"href":"https:\/\/wp.ufpel.edu.br\/ceng\/wp-json\/wp\/v2\/comments?post=7249"}],"version-history":[{"count":2,"href":"https:\/\/wp.ufpel.edu.br\/ceng\/wp-json\/wp\/v2\/posts\/7249\/revisions"}],"predecessor-version":[{"id":7261,"href":"https:\/\/wp.ufpel.edu.br\/ceng\/wp-json\/wp\/v2\/posts\/7249\/revisions\/7261"}],"wp:attachment":[{"href":"https:\/\/wp.ufpel.edu.br\/ceng\/wp-json\/wp\/v2\/media?parent=7249"}],"wp:term":[{"taxonomy":"category","embeddable":true,"href":"https:\/\/wp.ufpel.edu.br\/ceng\/wp-json\/wp\/v2\/categories?post=7249"},{"taxonomy":"post_tag","embeddable":true,"href":"https:\/\/wp.ufpel.edu.br\/ceng\/wp-json\/wp\/v2\/tags?post=7249"}],"curies":[{"name":"wp","href":"https:\/\/api.w.org\/{rel}","templated":true}]}}