{"id":7203,"date":"2019-09-09T07:49:54","date_gmt":"2019-09-09T10:49:54","guid":{"rendered":"https:\/\/wp.ufpel.edu.br\/ceng\/?p=7203"},"modified":"2019-09-09T08:38:50","modified_gmt":"2019-09-09T11:38:50","slug":"2a-edicao-geocafe-palestras-e-debates-geotecnia","status":"publish","type":"post","link":"https:\/\/wp.ufpel.edu.br\/ceng\/2a-edicao-geocafe-palestras-e-debates-geotecnia\/","title":{"rendered":"2\u00aa Edi\u00e7\u00e3o &#8211; GeoCaf\u00e9 &#8211; Palestras e Debates &#8211; Geotecnia"},"content":{"rendered":"<p>O GeoCaf\u00e9 \u00e9 um projeto criado por alunos e professores do curso de Engenharia Geol\u00f3gica da Universidade Federal de Pelotas (UFPel), e t\u00eam como objetivo difundir o conhecimento sobre as Ci\u00eancias da Terra e mostrar as suas diversas \u00e1reas de atua\u00e7\u00e3o, aplica\u00e7\u00e3o e import\u00e2ncia na sociedade. A segunda edi\u00e7\u00e3o do GeoCaf\u00e9 &#8211; Palestras e debates ocorreu na sexta-feira (06\/09), o tema abordado foi sobre Geotecnia, visto que nos dias de hoje observamos diversas neglig\u00eancias profissionais como nos casos de Mariana, Brumadinho, Angra dos Reis e outros. O objetivo deste evento \u00e9 difundir o conhecimento t\u00e9cnico-cient\u00edfico da Geologia de Engenharia, em busca de melhores solu\u00e7\u00f5es dos problemas de engenharia, buscando a preven\u00e7\u00e3o de desastres. Como entrada para o evento foi cobrado 1kg de alimento n\u00e3o perec\u00edvel, os alimentos foram arrecadados e ser\u00e3o doados pelo Banco de Alimentos de Pelotas para entidades de Pelotas. O evento teve a presen\u00e7a de professores e profissionais da \u00e1rea: Dra. Ingrid Milena Reyes Martinez Belchior, Eng\u00aa Ge\u00f3loga Miriam Zanol Remde e Eng\u00aa Ge\u00f3loga J\u00e9ssica Stern Behling.<\/p>\n<p><strong>1\u00aa Palestra &#8211; &#8220;A Mec\u00e2nica dos Solos e sua Necessidade no Entendimento Geol\u00f3gico para Boas Pr\u00e1ticas Geot\u00e9cnicas&#8221; &#8211; Dra. Ingrid Milena Reyes Martinez Belchior.<\/strong><\/p>\n<p>Dra.Ingrid Milena Reyes Martinez Belchior, atualmente \u00e9 professora adjunta do Centro de Engenharias da Universidade Federal de Pelotas (UFPel). Possui doutorado em Engenharia Civil pela Pontif\u00edcia Universidade Cat\u00f3lica do Rio de Janeiro, PUC-Rio. Em sua tese, desenvolveu estudos relacionados \u00e0 an\u00e1lise do comportamento hidr\u00e1ulico e mec\u00e2nico de solos expansivos tratados com cal. Conduziu parte de sua pesquisa de Doutorado desenvolvendo amplo programa experimental no Laborat\u00f3rio de Geotecnia na The University of Texas at Austin (Estados Unidos) no Departamento de Engenharia Civil, Arquitetura e Engenharia Ambiental, durante seu per\u00edodo de Doutorado Sandu\u00edche no Exterior (Mar\u00e7o 2015 &#8211; Fevereiro 2016). Possui Mestrado em Engenharia Civil pela Pontif\u00edcia Universidade Cat\u00f3lica do Rio de Janeiro, PUC-Rio (2012) e gradua\u00e7\u00e3o em Engenharia Civil pela Universidade de Nari\u00f1o (Col\u00f4mbia, 2008). Tem experi\u00eancia em doc\u00eancia no magist\u00e9rio superior, projetos de R&amp;D e na supervis\u00e3o de obras civis como pavimenta\u00e7\u00f5es, reformas de moradias e obras de saneamento b\u00e1sico. De 2011 a 2013, participou do projeto de R&amp;D denominado Modeling of Evaporite Drilling Under High Pressure em parceria com a Baker-Hughes, onde realizou pesquisa sobre a modelagem num\u00e9rica da intera\u00e7\u00e3o rocha-broca usando software de an\u00e1lise pelo m\u00e9todo de elementos finitos.<\/p>\n<p><strong>2\u00aa Palestra &#8211; &#8220;Geologia de Engenharia: import\u00e2ncia do conhecimento geol\u00f3gico&#8221; &#8211; Eng\u00aa Geol\u00f3ga Miriam Zanol Remde.<\/strong><\/p>\n<p>Engenheira Ge\u00f3loga Miriam Zanol Remde. Graduada em Engenharia Geol\u00f3gica pela Universidade Federal de Pelotas (2013). Atua como engenheira ge\u00f3loga aut\u00f4noma, tendo como foco as \u00e1reas de minera\u00e7\u00e3o e meio ambiente. Atuou como professora substituta na Universidade Federal do Rio Grande &#8211; FURG, ministrando as disciplinas de Geologia de Engenharia e Geotecnia I nos cursos de Engenharia Civil, Engenharia Civil Costeira e Portuaria e Engenharia Civil Empresarial. Mestrado em andamento no Programa de P\u00f3s Gradua\u00e7\u00e3o em Engenharia Oce\u00e2nica na Universidade Federal do Rio Grande.<\/p>\n<p><strong>3\u00aa Palestra &#8211; &#8220;Mapeamento das \u00e1reas de risco \u00e0 inunda\u00e7\u00e3o na zona urbana do munic\u00edpio de S\u00e3o Louren\u00e7o do Sul-RS&#8221; &#8211; Eng\u00aa Ge\u00f3loga J\u00e9ssica Stern Behling.<\/strong><\/p>\n<p>Engenheira Ge\u00f3loga J\u00e9ssica Stern Behling. Possui gradua\u00e7\u00e3o em Engenharia Geol\u00f3gica pela Universidade Federal de Pelotas (2015). Tem experi\u00eancia na \u00e1rea de Geoci\u00eancias, com \u00eanfase em Geologia. Atualmente \u00e9 mestranda no curso de p\u00f3s-gradua\u00e7\u00e3o em Engenharia Oce\u00e2nica aplicado \u00e0 \u00c1reas Costeiras pela Funda\u00e7\u00e3o Universidade Federal do Rio Grande &#8211; FURG.<\/p>\n<p><strong>ORGANIZA\u00c7\u00c3O:<\/strong><\/p>\n<p><strong><em>Engenharia Geol\u00f3gica UFPel<\/em><\/strong><\/p>\n<p>Coordena\u00e7\u00e3o: Professor MSc. Alan Jenisch, Professor Dr. Leandro Fagundes (coordenador do curso de Engenharia Geol\u00f3gica) e Professor Dr. Adelir Jos\u00e9 Strieder.<\/p>\n<p><em>Discentes:<\/em><\/p>\n<p>Amanda da Silva Costa &#8211; Engenharia Geol\u00f3gica<\/p>\n<p>Anna Beatriz Gomes Tetzner &#8211; Engenharia Geol\u00f3gica<\/p>\n<p>Carlos Eduardo Peuker Fagundes &#8211; Engenharia Geol\u00f3gica<\/p>\n<p>Larissa Bergamini Santos &#8211; Engenharia Geol\u00f3gica<\/p>\n<p>Gustavo Schmidt Cabral &#8211; Engenharia Geol\u00f3gica<\/p>\n<p>Guilherme Albuquerque Paes Leme Pazzaglia &#8211; Engenharia Geol\u00f3gica<\/p>\n<p><em>Apoio:<\/em> Banco de alimentos de Pelotas.<\/p>\n<p><em>Divulga\u00e7\u00e3o: Diret\u00f3rio Acad\u00eamico Francisco de Paula Oliveira da Engenharia Geol\u00f3gica &#8211; DAFPO<\/em><\/p>\n\n\t\t<style type=\"text\/css\">\n\t\t\t#gallery-1 {\n\t\t\t\tmargin: auto;\n\t\t\t}\n\t\t\t#gallery-1 .gallery-item {\n\t\t\t\tfloat: left;\n\t\t\t\tmargin-top: 10px;\n\t\t\t\ttext-align: center;\n\t\t\t\twidth: 33%;\n\t\t\t}\n\t\t\t#gallery-1 img {\n\t\t\t\tborder: 2px solid #cfcfcf;\n\t\t\t}\n\t\t\t#gallery-1 .gallery-caption {\n\t\t\t\tmargin-left: 0;\n\t\t\t}\n\t\t\t\/* see gallery_shortcode() in wp-includes\/media.php *\/\n\t\t<\/style>\n\t\t<div id='gallery-1' class='gallery galleryid-7203 gallery-columns-3 gallery-size-thumbnail'><dl class='gallery-item'>\n\t\t\t<dt class='gallery-icon portrait'>\n\t\t\t\t<a href='https:\/\/wp.ufpel.edu.br\/ceng\/2a-edicao-geocafe-palestras-e-debates-geotecnia\/whatsapp-image-2019-09-06-at-19-20-27\/'><img width=\"200\" height=\"200\" src=\"https:\/\/wp.ufpel.edu.br\/ceng\/files\/2019\/09\/WhatsApp-Image-2019-09-06-at-19.20.27-200x200.jpeg\" class=\"attachment-thumbnail size-thumbnail\" alt=\"\" \/><\/a>\n\t\t\t<\/dt><\/dl><dl class='gallery-item'>\n\t\t\t<dt class='gallery-icon landscape'>\n\t\t\t\t<a href='https:\/\/wp.ufpel.edu.br\/ceng\/2a-edicao-geocafe-palestras-e-debates-geotecnia\/whatsapp-image-2019-09-06-at-19-20-28\/'><img width=\"200\" height=\"200\" src=\"https:\/\/wp.ufpel.edu.br\/ceng\/files\/2019\/09\/WhatsApp-Image-2019-09-06-at-19.20.28-200x200.jpeg\" class=\"attachment-thumbnail size-thumbnail\" alt=\"\" \/><\/a>\n\t\t\t<\/dt><\/dl><dl class='gallery-item'>\n\t\t\t<dt class='gallery-icon landscape'>\n\t\t\t\t<a href='https:\/\/wp.ufpel.edu.br\/ceng\/2a-edicao-geocafe-palestras-e-debates-geotecnia\/whatsapp-image-2019-09-06-at-19-21-50-3\/'><img width=\"200\" height=\"200\" src=\"https:\/\/wp.ufpel.edu.br\/ceng\/files\/2019\/09\/WhatsApp-Image-2019-09-06-at-19.21.50-3-200x200.jpeg\" class=\"attachment-thumbnail size-thumbnail\" alt=\"\" \/><\/a>\n\t\t\t<\/dt><\/dl><br style=\"clear: both\" \/><dl class='gallery-item'>\n\t\t\t<dt class='gallery-icon landscape'>\n\t\t\t\t<a href='https:\/\/wp.ufpel.edu.br\/ceng\/2a-edicao-geocafe-palestras-e-debates-geotecnia\/whatsapp-image-2019-09-06-at-19-21-51-1\/'><img width=\"200\" height=\"200\" src=\"https:\/\/wp.ufpel.edu.br\/ceng\/files\/2019\/09\/WhatsApp-Image-2019-09-06-at-19.21.51-1-200x200.jpeg\" class=\"attachment-thumbnail size-thumbnail\" alt=\"\" \/><\/a>\n\t\t\t<\/dt><\/dl><dl class='gallery-item'>\n\t\t\t<dt class='gallery-icon portrait'>\n\t\t\t\t<a href='https:\/\/wp.ufpel.edu.br\/ceng\/2a-edicao-geocafe-palestras-e-debates-geotecnia\/whatsapp-image-2019-09-06-at-19-21-52-1\/'><img width=\"200\" height=\"200\" src=\"https:\/\/wp.ufpel.edu.br\/ceng\/files\/2019\/09\/WhatsApp-Image-2019-09-06-at-19.21.52-1-200x200.jpeg\" class=\"attachment-thumbnail size-thumbnail\" alt=\"\" \/><\/a>\n\t\t\t<\/dt><\/dl><dl class='gallery-item'>\n\t\t\t<dt class='gallery-icon portrait'>\n\t\t\t\t<a href='https:\/\/wp.ufpel.edu.br\/ceng\/2a-edicao-geocafe-palestras-e-debates-geotecnia\/whatsapp-image-2019-09-06-at-19-21-54-2\/'><img width=\"200\" height=\"200\" src=\"https:\/\/wp.ufpel.edu.br\/ceng\/files\/2019\/09\/WhatsApp-Image-2019-09-06-at-19.21.54-2-200x200.jpeg\" class=\"attachment-thumbnail size-thumbnail\" alt=\"\" \/><\/a>\n\t\t\t<\/dt><\/dl><br style=\"clear: both\" \/><dl class='gallery-item'>\n\t\t\t<dt class='gallery-icon portrait'>\n\t\t\t\t<a href='https:\/\/wp.ufpel.edu.br\/ceng\/2a-edicao-geocafe-palestras-e-debates-geotecnia\/whatsapp-image-2019-09-06-at-19-21-55-2\/'><img width=\"200\" height=\"200\" src=\"https:\/\/wp.ufpel.edu.br\/ceng\/files\/2019\/09\/WhatsApp-Image-2019-09-06-at-19.21.55-2-200x200.jpeg\" class=\"attachment-thumbnail size-thumbnail\" alt=\"\" \/><\/a>\n\t\t\t<\/dt><\/dl><dl class='gallery-item'>\n\t\t\t<dt class='gallery-icon portrait'>\n\t\t\t\t<a href='https:\/\/wp.ufpel.edu.br\/ceng\/2a-edicao-geocafe-palestras-e-debates-geotecnia\/whatsapp-image-2019-09-06-at-19-24-43\/'><img width=\"200\" height=\"200\" src=\"https:\/\/wp.ufpel.edu.br\/ceng\/files\/2019\/09\/WhatsApp-Image-2019-09-06-at-19.24.43-200x200.jpeg\" class=\"attachment-thumbnail size-thumbnail\" alt=\"\" \/><\/a>\n\t\t\t<\/dt><\/dl><dl class='gallery-item'>\n\t\t\t<dt class='gallery-icon landscape'>\n\t\t\t\t<a href='https:\/\/wp.ufpel.edu.br\/ceng\/2a-edicao-geocafe-palestras-e-debates-geotecnia\/logo-2\/'><img width=\"200\" height=\"200\" src=\"https:\/\/wp.ufpel.edu.br\/ceng\/files\/2019\/09\/logo-2-200x200.png\" class=\"attachment-thumbnail size-thumbnail\" alt=\"\" srcset=\"https:\/\/wp.ufpel.edu.br\/ceng\/files\/2019\/09\/logo-2-200x200.png 200w, https:\/\/wp.ufpel.edu.br\/ceng\/files\/2019\/09\/logo-2-400x400.png 400w, https:\/\/wp.ufpel.edu.br\/ceng\/files\/2019\/09\/logo-2.png 600w\" sizes=\"(max-width: 200px) 100vw, 200px\" \/><\/a>\n\t\t\t<\/dt><\/dl><br style=\"clear: both\" \/>\n\t\t<\/div>\n\n","protected":false},"excerpt":{"rendered":"<p>O GeoCaf\u00e9 \u00e9 um projeto criado por alunos e professores do curso de Engenharia Geol\u00f3gica da Universidade Federal de Pelotas (UFPel), e t\u00eam como objetivo difundir o conhecimento sobre as Ci\u00eancias da Terra e mostrar as suas diversas \u00e1reas de atua\u00e7\u00e3o, aplica\u00e7\u00e3o e import\u00e2ncia na sociedade. A segunda edi\u00e7\u00e3o do GeoCaf\u00e9 &#8211; Palestras e debates [&hellip;]<\/p>\n","protected":false},"author":67,"featured_media":7208,"comment_status":"closed","ping_status":"closed","sticky":false,"template":"","format":"standard","meta":{"footnotes":""},"categories":[1],"tags":[],"class_list":["post-7203","post","type-post","status-publish","format-standard","has-post-thumbnail","hentry","category-ultimos-posts"],"jetpack_featured_media_url":"https:\/\/wp.ufpel.edu.br\/ceng\/files\/2019\/09\/WhatsApp-Image-2019-09-06-at-19.21.51-1.jpeg","publishpress_future_action":{"enabled":false,"date":"2026-05-04 17:02:16","action":"change-status","newStatus":"draft","terms":[],"taxonomy":"category","extraData":[]},"publishpress_future_workflow_manual_trigger":{"enabledWorkflows":[]},"_links":{"self":[{"href":"https:\/\/wp.ufpel.edu.br\/ceng\/wp-json\/wp\/v2\/posts\/7203","targetHints":{"allow":["GET"]}}],"collection":[{"href":"https:\/\/wp.ufpel.edu.br\/ceng\/wp-json\/wp\/v2\/posts"}],"about":[{"href":"https:\/\/wp.ufpel.edu.br\/ceng\/wp-json\/wp\/v2\/types\/post"}],"author":[{"embeddable":true,"href":"https:\/\/wp.ufpel.edu.br\/ceng\/wp-json\/wp\/v2\/users\/67"}],"replies":[{"embeddable":true,"href":"https:\/\/wp.ufpel.edu.br\/ceng\/wp-json\/wp\/v2\/comments?post=7203"}],"version-history":[{"count":2,"href":"https:\/\/wp.ufpel.edu.br\/ceng\/wp-json\/wp\/v2\/posts\/7203\/revisions"}],"predecessor-version":[{"id":7221,"href":"https:\/\/wp.ufpel.edu.br\/ceng\/wp-json\/wp\/v2\/posts\/7203\/revisions\/7221"}],"wp:featuredmedia":[{"embeddable":true,"href":"https:\/\/wp.ufpel.edu.br\/ceng\/wp-json\/wp\/v2\/media\/7208"}],"wp:attachment":[{"href":"https:\/\/wp.ufpel.edu.br\/ceng\/wp-json\/wp\/v2\/media?parent=7203"}],"wp:term":[{"taxonomy":"category","embeddable":true,"href":"https:\/\/wp.ufpel.edu.br\/ceng\/wp-json\/wp\/v2\/categories?post=7203"},{"taxonomy":"post_tag","embeddable":true,"href":"https:\/\/wp.ufpel.edu.br\/ceng\/wp-json\/wp\/v2\/tags?post=7203"}],"curies":[{"name":"wp","href":"https:\/\/api.w.org\/{rel}","templated":true}]}}